{"id":8659,"date":"2020-12-10T18:56:03","date_gmt":"2020-12-10T21:56:03","guid":{"rendered":"http:\/\/www.centraldenoticias.com.ar\/?p=8659"},"modified":"2020-12-10T18:56:03","modified_gmt":"2020-12-10T21:56:03","slug":"el-municipio-envio-a-provincia-un-proyecto-para-habilitar-eventos-en-espacios-cerrados","status":"publish","type":"post","link":"https:\/\/cdnoticias.com\/index.php\/2020\/12\/10\/el-municipio-envio-a-provincia-un-proyecto-para-habilitar-eventos-en-espacios-cerrados\/","title":{"rendered":"El municipio envi\u00f3 a Provincia un proyecto para habilitar eventos en espacios cerrados"},"content":{"rendered":"<div id=\"pl-8659\" class=\"panel-layout\">\n<div id=\"pg-8659-0\" class=\"panel-grid panel-no-style\">\n<div id=\"pgc-8659-0-0\" class=\"panel-grid-cell\" data-weight=\"1\">\n<div id=\"panel-8659-0-0-0\" class=\"so-panel widget widget_sow-editor panel-first-child panel-last-child\" data-index=\"0\">\n<div class=\"so-widget-sow-editor so-widget-sow-editor-base\">\n<div class=\"siteorigin-widget-tinymce textwidget\">\n<p>Se trata del documento elaborado de manera conjunta con la agrupaci\u00f3n de proveedores de servicios para eventos de nuestra ciudad.<\/p>\n<p><!--more--><\/p>\n<hr \/>\n<p>En la jornada de este jueves, tal cual se detall\u00f3 desde el Ejecutivo local, y como respuesta a lo planteado <a href=\"https:\/\/cdnoticias.com\/index.php\/2020\/12\/09\/realizacion-de-eventos-vamos-a-trabajar-para-mejorar-los-protocolos\/\" target=\"_blank\" rel=\"noopener\">en el encuentro con la Agrupaci\u00f3n de Proveedores de Servicios para Eventos de Olavarr\u00eda (APSEO)<\/a>, el Gobierno Municipal elabor\u00f3 un proyecto para la habilitaci\u00f3n de eventos en espacios cerrados.<\/p>\n<p>&nbsp;<\/p>\n<p>Seg\u00fan se inform\u00f3, <strong>el proyecto prev\u00e9 que la capacidad ocupacional no supere el 30-40% y bajo estricto cumplimiento de los protocolos vigentes<\/strong>. Vale recordar que hasta el momento, <a href=\"https:\/\/cdnoticias.com\/index.php\/2020\/12\/01\/en-detalle-las-actividades-habilitadas-por-el-municipio-desde-este-martes\/\" target=\"_blank\" rel=\"noopener\">est\u00e1 permitida la organizaci\u00f3n de eventos al aire libre<\/a>, respetando fuertes protocolos y con espacios que tengan ocupaci\u00f3n al 50% y un m\u00e1ximo de 100 personas. Adem\u00e1s, no se puede bailar y se deber\u00e1 mantener el distanciamiento social.<\/p>\n<p>&nbsp;<\/p>\n<p><img data-recalc-dims=\"1\" loading=\"lazy\" decoding=\"async\" class=\"alignnone size-large wp-image-8574\" src=\"https:\/\/i0.wp.com\/cdnoticias.com\/wp-content\/uploads\/2020\/12\/Reunion-Galli-Organizadores-2-scaled.jpg?resize=800%2C534&#038;ssl=1\" alt=\"\" width=\"800\" height=\"534\" srcset=\"https:\/\/i0.wp.com\/cdnoticias.com\/wp-content\/uploads\/2020\/12\/Reunion-Galli-Organizadores-2-scaled.jpg?resize=1024%2C684&amp;ssl=1 1024w, https:\/\/i0.wp.com\/cdnoticias.com\/wp-content\/uploads\/2020\/12\/Reunion-Galli-Organizadores-2-scaled.jpg?resize=300%2C201&amp;ssl=1 300w, https:\/\/i0.wp.com\/cdnoticias.com\/wp-content\/uploads\/2020\/12\/Reunion-Galli-Organizadores-2-scaled.jpg?resize=768%2C513&amp;ssl=1 768w, https:\/\/i0.wp.com\/cdnoticias.com\/wp-content\/uploads\/2020\/12\/Reunion-Galli-Organizadores-2-scaled.jpg?resize=272%2C182&amp;ssl=1 272w, https:\/\/i0.wp.com\/cdnoticias.com\/wp-content\/uploads\/2020\/12\/Reunion-Galli-Organizadores-2-scaled.jpg?w=1600&amp;ssl=1 1600w, https:\/\/i0.wp.com\/cdnoticias.com\/wp-content\/uploads\/2020\/12\/Reunion-Galli-Organizadores-2-scaled.jpg?w=2400&amp;ssl=1 2400w\" sizes=\"auto, (max-width: 800px) 100vw, 800px\" \/><\/p>\n<p>&nbsp;<\/p>\n<p>Entre otras medidas incluidas en el proyecto elevado a la Jefatura de Gabinete de Ministros se plantea, por ejemplo, <strong>\u201cevitar activaciones dentro de los stands que promuevan la aglomeraci\u00f3n y con- tacto entre los visitantes (degustaciones, sorteos, entrega masiva de merchandising, shows, entre otros), mientras las reuniones masivas no est\u00e9n permitidas\u201d, adem\u00e1s de controles en accesos y registro de concurrentes con anticipaci\u00f3n.<\/strong><\/p>\n<p>&nbsp;<\/p>\n<p>Desde el Ejecutivo local se puso el acento no s\u00f3lo en que se encuentran a la espera de una pronta respuesta, sino que adem\u00e1s <strong>a\u00fan aguardan por una resoluci\u00f3n sobre el protocolo para habilitar colonias de vacaciones que fuera enviado a mediados del pasado mes<\/strong>.<\/p>\n<p>&nbsp;<\/p>\n<p>Por \u00faltimo, desde el Gobierno Municipal indicaron que <strong>la medida contempla la necesidad del sector de retomar el trabajo, m\u00e1s all\u00e1 del primer paso que se dio la semana pasada con las nuevas habilitaciones.<\/strong><\/p>\n<p>&nbsp;<\/p>\n<\/div>\n<\/div>\n<\/div>\n<\/div>\n<\/div>\n<\/div>\n","protected":false},"excerpt":{"rendered":"<p>Se trata del documento elaborado de manera conjunta con la agrupaci\u00f3n de proveedores de servicios para eventos de nuestra ciudad.<\/p>\n","protected":false},"author":3,"featured_media":8573,"comment_status":"closed","ping_status":"closed","sticky":false,"template":"","format":"standard","meta":{"_jetpack_memberships_contains_paid_content":false,"footnotes":""},"categories":[5,1],"tags":[],"class_list":["post-8659","post","type-post","status-publish","format-standard","has-post-thumbnail","hentry","category-informacion-general","category-portada"],"jetpack_featured_media_url":"https:\/\/i0.wp.com\/cdnoticias.com\/wp-content\/uploads\/2020\/12\/Reunion-Galli-Organizadores-1-scaled.jpg?fit=2560%2C1711&ssl=1","jetpack_sharing_enabled":true,"_links":{"self":[{"href":"https:\/\/cdnoticias.com\/index.php\/wp-json\/wp\/v2\/posts\/8659","targetHints":{"allow":["GET"]}}],"collection":[{"href":"https:\/\/cdnoticias.com\/index.php\/wp-json\/wp\/v2\/posts"}],"about":[{"href":"https:\/\/cdnoticias.com\/index.php\/wp-json\/wp\/v2\/types\/post"}],"author":[{"embeddable":true,"href":"https:\/\/cdnoticias.com\/index.php\/wp-json\/wp\/v2\/users\/3"}],"replies":[{"embeddable":true,"href":"https:\/\/cdnoticias.com\/index.php\/wp-json\/wp\/v2\/comments?post=8659"}],"version-history":[{"count":0,"href":"https:\/\/cdnoticias.com\/index.php\/wp-json\/wp\/v2\/posts\/8659\/revisions"}],"wp:featuredmedia":[{"embeddable":true,"href":"https:\/\/cdnoticias.com\/index.php\/wp-json\/wp\/v2\/media\/8573"}],"wp:attachment":[{"href":"https:\/\/cdnoticias.com\/index.php\/wp-json\/wp\/v2\/media?parent=8659"}],"wp:term":[{"taxonomy":"category","embeddable":true,"href":"https:\/\/cdnoticias.com\/index.php\/wp-json\/wp\/v2\/categories?post=8659"},{"taxonomy":"post_tag","embeddable":true,"href":"https:\/\/cdnoticias.com\/index.php\/wp-json\/wp\/v2\/tags?post=8659"}],"curies":[{"name":"wp","href":"https:\/\/api.w.org\/{rel}","templated":true}]}}