{"id":86489,"date":"2023-05-31T19:58:24","date_gmt":"2023-05-31T22:58:24","guid":{"rendered":"https:\/\/www.centraldenoticias.com.ar\/?p=86489"},"modified":"2023-06-01T08:35:11","modified_gmt":"2023-06-01T11:35:11","slug":"belen-vergel-y-su-compromiso-con-las-recorridas-barriales-no-es-una-propuesta-nueva","status":"publish","type":"post","link":"https:\/\/cdnoticias.com\/index.php\/2023\/05\/31\/belen-vergel-y-su-compromiso-con-las-recorridas-barriales-no-es-una-propuesta-nueva\/","title":{"rendered":"Bel\u00e9n Vergel y su compromiso con las recorridas barriales: \u201cno es una propuesta nueva\u201d"},"content":{"rendered":"<p>\u201cVamos a seguir visitando los barrios, como lo venimos haciendo hace a\u00f1os\u201d dijo la concejal de UCR.<\/p>\n<p><!--more--><\/p>\n<hr \/>\n<p>La<strong> concejal y actual presidenta de la UCR, Bel\u00e9n Vergel<\/strong>, habl\u00f3 sobre el <a href=\"https:\/\/cdnoticias.com\/index.php\/2023\/05\/28\/evolucion-radical-participo-de-un-importante-plenario-en-junin\/\" target=\"_blank\" rel=\"noopener\">Plenario Provincial de Evoluci\u00f3n Radical que se realiz\u00f3 el pasado s\u00e1bado en Jun\u00edn<\/a>. Fue en una entrevista en Radio Olavarr\u00eda donde adem\u00e1s se refiri\u00f3 el trabajo que vienen llevando adelante en el Concejo Deliberante y las recorridas por los diferentes barrios de la ciudad.<\/p>\n<p>&nbsp;<\/p>\n<p>Con respecto al Plenario -donde los diputados nacionales Danya Tavela y Mart\u00edn Tetaz fueron expositores- manifest\u00f3 que <strong>fue \u201cun gran encuentro, con una militancia muy presente y con ganas de ser protagonista de lo que viene.<\/strong> Estoy feliz de ver c\u00f3mo <strong>Evoluci\u00f3n Radical es un espacio que d\u00eda a d\u00eda sigue creciendo<\/strong>, que nos demuestra que est\u00e1 preparado, que puede ser gobierno y que tiene sus equipos t\u00e9cnicos trabajando y viendo la Provincia\u201d.<\/p>\n<p>&nbsp;<\/p>\n<p>Adem\u00e1s, expres\u00f3 que \u201ctuvimos la posibilidad de ver c\u00f3mo ven\u00edan trabajando y c\u00f3mo se viene llevando a cabo cada una de las \u00e1reas en las cuales est\u00e1n abocados, como seguridad, educaci\u00f3n, salud y eso tambi\u00e9n nos brinda herramientas a nosotros en los peque\u00f1os lugares en los que estamos trabajando en pos de reflejar esas ganas y esas ansias de seguir creciendo. Y de alguna manera que se sigan sumando y vean en este espacio<strong> la posibilidad de un lugar de participaci\u00f3n genuina<\/strong>, donde puedan hacer sus aportes y sentirse parte de lo que viene\u201d.<\/p>\n<p>&nbsp;<\/p>\n<blockquote><p>Asimismo, dijo que Tavela y Tetaz \u201chan demostrado esa vocaci\u00f3n y esa intencionalidad, no solamente de querer llegar al poder por el poder mismo, sino para mostrar todo lo que podemos hacer por esta Provincia para que vuelva ser lo que en un momento fue y poder cambiar la realidad cruel que estamos viviendo\u201d.<\/p><\/blockquote>\n<p>&nbsp;<\/p>\n<p><img data-recalc-dims=\"1\" loading=\"lazy\" decoding=\"async\" class=\"size-full wp-image-64399 aligncenter\" src=\"https:\/\/i0.wp.com\/cdnoticias.com\/wp-content\/uploads\/2022\/09\/HCD-belen-vergel.jpg?resize=800%2C445&#038;ssl=1\" alt=\"\" width=\"800\" height=\"445\" srcset=\"https:\/\/i0.wp.com\/cdnoticias.com\/wp-content\/uploads\/2022\/09\/HCD-belen-vergel.jpg?w=800&amp;ssl=1 800w, https:\/\/i0.wp.com\/cdnoticias.com\/wp-content\/uploads\/2022\/09\/HCD-belen-vergel.jpg?resize=300%2C167&amp;ssl=1 300w, https:\/\/i0.wp.com\/cdnoticias.com\/wp-content\/uploads\/2022\/09\/HCD-belen-vergel.jpg?resize=768%2C427&amp;ssl=1 768w\" sizes=\"auto, (max-width: 800px) 100vw, 800px\" \/><\/p>\n<p>&nbsp;<\/p>\n<p>\u201cSe trabaj\u00f3 en base a la Provincia,<strong> ponernos de cara a lo que viene con los pies bien puestos sobre la tierra<\/strong>. Es necesario ser responsable de todo lo que vayamos haciendo y tener los principios y valores del partido en el coraz\u00f3n, en la cabeza todo lo que tenga que ver con los proyectos y el plan de acci\u00f3n y los pies puestos sobre el territorio\u201d, afirm\u00f3.<\/p>\n<p>&nbsp;<\/p>\n<blockquote><p>En relaci\u00f3n al trabajo legislativo que comparte con Sebasti\u00e1n Matrella y a las diferentes recorridas por los barrios de la ciudad, Vergel se\u00f1al\u00f3: \u201cVamos a seguir visitando los barrios como lo venimos haciendo hace a\u00f1os, no es una propuesta nueva sino que la tomamos como gran compromiso hace mucho tiempo y la llevamos de forma sostenida\u201d.<\/p><\/blockquote>\n<p>&nbsp;<\/p>\n<p>\u201cDe hecho<strong> los vecinos ya nos conocen, saben qui\u00e9nes somos y no es la primera vez que le vamos a tocar la puerta o el timbre<\/strong>. Ya nos han visto en otras ocasiones, as\u00ed que vamos a continuar con ese trabajo que no es un trabajo que asumimos por una circunstancia puntual, sino que es el compromiso que asumimos con los olavarrienses hace mucho tiempo\u201d, apunt\u00f3.<\/p>\n<p>&nbsp;<\/p>\n<p>Y a\u00f1adi\u00f3 que <strong>\u201cel trabajo en el Concejo es imposible realizarlo como corresponde si vos no tenes puesto los pies en el territorio<\/strong>, sino tenes caminada la calle, sino tenes el contacto cuerpo a cuerpo con el vecino para saber lo que le est\u00e1 pasando. Y desde el minuto cero nosotros a eso lo entendimos, lo comprendimos y por eso lo traducimos en caminatas en los barrios y en charlas con vecinos y comerciantes\u201d.<\/p>\n<p>&nbsp;<\/p>\n<p>Por \u00faltimo, agreg\u00f3: \u201cSeguiremos haci\u00e9ndolo, este a\u00f1o, el que viene y cada vez que estemos participando en pol\u00edtica. Es un compromiso que no lo tenemos que dejar porque tiene que ver con la \u00fanica manera que se puede realmente trabajar y llevar las propuestas genuinas al Concejo Deliberante o a donde corresponda\u201d.<\/p>\n<p>&nbsp;<\/p>\n","protected":false},"excerpt":{"rendered":"<p>\u201cVamos a seguir visitando los barrios, como lo venimos haciendo hace a\u00f1os\u201d dijo la concejal de UCR.<\/p>\n","protected":false},"author":4,"featured_media":72137,"comment_status":"closed","ping_status":"closed","sticky":false,"template":"","format":"standard","meta":{"_jetpack_memberships_contains_paid_content":false,"footnotes":""},"categories":[4],"tags":[],"class_list":["post-86489","post","type-post","status-publish","format-standard","has-post-thumbnail","hentry","category-politica"],"jetpack_featured_media_url":"https:\/\/i0.wp.com\/cdnoticias.com\/wp-content\/uploads\/2022\/12\/UCR-belen-vergel-0.jpg?fit=800%2C445&ssl=1","jetpack_sharing_enabled":true,"_links":{"self":[{"href":"https:\/\/cdnoticias.com\/index.php\/wp-json\/wp\/v2\/posts\/86489","targetHints":{"allow":["GET"]}}],"collection":[{"href":"https:\/\/cdnoticias.com\/index.php\/wp-json\/wp\/v2\/posts"}],"about":[{"href":"https:\/\/cdnoticias.com\/index.php\/wp-json\/wp\/v2\/types\/post"}],"author":[{"embeddable":true,"href":"https:\/\/cdnoticias.com\/index.php\/wp-json\/wp\/v2\/users\/4"}],"replies":[{"embeddable":true,"href":"https:\/\/cdnoticias.com\/index.php\/wp-json\/wp\/v2\/comments?post=86489"}],"version-history":[{"count":0,"href":"https:\/\/cdnoticias.com\/index.php\/wp-json\/wp\/v2\/posts\/86489\/revisions"}],"wp:featuredmedia":[{"embeddable":true,"href":"https:\/\/cdnoticias.com\/index.php\/wp-json\/wp\/v2\/media\/72137"}],"wp:attachment":[{"href":"https:\/\/cdnoticias.com\/index.php\/wp-json\/wp\/v2\/media?parent=86489"}],"wp:term":[{"taxonomy":"category","embeddable":true,"href":"https:\/\/cdnoticias.com\/index.php\/wp-json\/wp\/v2\/categories?post=86489"},{"taxonomy":"post_tag","embeddable":true,"href":"https:\/\/cdnoticias.com\/index.php\/wp-json\/wp\/v2\/tags?post=86489"}],"curies":[{"name":"wp","href":"https:\/\/api.w.org\/{rel}","templated":true}]}}