{"id":86482,"date":"2023-06-05T18:00:07","date_gmt":"2023-06-05T21:00:07","guid":{"rendered":"https:\/\/www.centraldenoticias.com.ar\/?p=86482"},"modified":"2023-06-05T18:00:07","modified_gmt":"2023-06-05T21:00:07","slug":"educacion-un-debate-impostergable","status":"publish","type":"post","link":"https:\/\/cdnoticias.com\/index.php\/2023\/06\/05\/educacion-un-debate-impostergable\/","title":{"rendered":"Educaci\u00f3n: \u201cUn debate impostergable\u201d"},"content":{"rendered":"<p>Es el t\u00edtulo de la charla que encabezar\u00e1 en forma virtual la ex ministra de Educaci\u00f3n, Susana Decibe, y que organiza la Fundaci\u00f3n Encuentro Federal &#8211; Delegaci\u00f3n Olavarr\u00eda. C\u00f3mo participar.<\/p>\n<p><!--more--><\/p>\n<hr \/>\n<p>Desde la <strong>Fundaci\u00f3n Encuentro Federal &#8211; Delegaci\u00f3n Olavarr\u00eda<\/strong> y a trav\u00e9s del \u00e1rea de Educaci\u00f3n, se invit\u00f3 a la comunidad a la <strong>conferencia\/charla v\u00eda zoom \u201cEducaci\u00f3n, un debate impostergable\u201d, a cargo de la ex &#8211; ministra de Educaci\u00f3n de la Naci\u00f3n, Susana Decibe<\/strong>.<\/p>\n<p>&nbsp;<\/p>\n<p>Se realizar\u00e1 <strong>el mi\u00e9rcoles 7 de junio<\/strong> a partir de las 19 horas.<\/p>\n<p>&nbsp;<\/p>\n<p>Durante el encuentro se abordar\u00e1n temas tales como<em> calidad y equidad educativa, la formaci\u00f3n docente, la evaluaci\u00f3n de los aprendizajes, el rol de los gremios<\/em>.<\/p>\n<p>&nbsp;<\/p>\n<p>\u201cAspiramos a que se genere <strong>un espacio de debate enriquecedor sobre este trascendental tema del pa\u00eds,<\/strong> para lo cual se destinar\u00e1 un tiempo dedicado a <strong>opiniones y preguntas por parte de los asistentes<\/strong>\u201d se indic\u00f3 desde la organizaci\u00f3n del encuentro.<\/p>\n<p>&nbsp;<\/p>\n<p>La Fundaci\u00f3n, presidida por el periodista y ex diputado nacional Eduardo Mondino, es un espacio de estudio, reflexi\u00f3n y generaci\u00f3n de ideas enfocadas a la promoci\u00f3n del trabajo y la producci\u00f3n, una visi\u00f3n moderna e integrada al mundo, que promueva la actividad privada, el desarrollo tecnol\u00f3gico y el avance cient\u00edfico. La problem\u00e1tica educativa ocupa un lugar central en la tarea de la Fundaci\u00f3n.<\/p>\n<p>&nbsp;<\/p>\n<p>Para poder participar del zoom, los interesados deben inscribirse <a href=\"https:\/\/docs.google.com\/forms\/d\/e\/1FAIpQLSefDmd08q058KESfm0dqXLtUxmkcQMFof_dZU_6hjZGo0cOVw\/formResponse\" target=\"_blank\" rel=\"noopener\">a trav\u00e9s de este formulario<\/a>.<\/p>\n<p>&nbsp;<\/p>\n<p>* Foto de tapa: <em>Gloria y Loor<\/em><\/p>\n<p>&nbsp;<\/p>\n","protected":false},"excerpt":{"rendered":"<p>Es el t\u00edtulo de la charla que encabezar\u00e1 en forma virtual la ex ministra de Educaci\u00f3n, Susana Decibe, y que<\/p>\n","protected":false},"author":4,"featured_media":86483,"comment_status":"closed","ping_status":"closed","sticky":false,"template":"","format":"standard","meta":{"_jetpack_memberships_contains_paid_content":false,"footnotes":""},"categories":[4,1],"tags":[],"class_list":["post-86482","post","type-post","status-publish","format-standard","has-post-thumbnail","hentry","category-politica","category-portada"],"jetpack_featured_media_url":"https:\/\/i0.wp.com\/cdnoticias.com\/wp-content\/uploads\/2023\/05\/susana-decibe.jpg?fit=800%2C445&ssl=1","jetpack_sharing_enabled":true,"_links":{"self":[{"href":"https:\/\/cdnoticias.com\/index.php\/wp-json\/wp\/v2\/posts\/86482","targetHints":{"allow":["GET"]}}],"collection":[{"href":"https:\/\/cdnoticias.com\/index.php\/wp-json\/wp\/v2\/posts"}],"about":[{"href":"https:\/\/cdnoticias.com\/index.php\/wp-json\/wp\/v2\/types\/post"}],"author":[{"embeddable":true,"href":"https:\/\/cdnoticias.com\/index.php\/wp-json\/wp\/v2\/users\/4"}],"replies":[{"embeddable":true,"href":"https:\/\/cdnoticias.com\/index.php\/wp-json\/wp\/v2\/comments?post=86482"}],"version-history":[{"count":0,"href":"https:\/\/cdnoticias.com\/index.php\/wp-json\/wp\/v2\/posts\/86482\/revisions"}],"wp:featuredmedia":[{"embeddable":true,"href":"https:\/\/cdnoticias.com\/index.php\/wp-json\/wp\/v2\/media\/86483"}],"wp:attachment":[{"href":"https:\/\/cdnoticias.com\/index.php\/wp-json\/wp\/v2\/media?parent=86482"}],"wp:term":[{"taxonomy":"category","embeddable":true,"href":"https:\/\/cdnoticias.com\/index.php\/wp-json\/wp\/v2\/categories?post=86482"},{"taxonomy":"post_tag","embeddable":true,"href":"https:\/\/cdnoticias.com\/index.php\/wp-json\/wp\/v2\/tags?post=86482"}],"curies":[{"name":"wp","href":"https:\/\/api.w.org\/{rel}","templated":true}]}}