{"id":86475,"date":"2023-05-31T08:04:26","date_gmt":"2023-05-31T11:04:26","guid":{"rendered":"https:\/\/www.centraldenoticias.com.ar\/?p=86475"},"modified":"2023-05-31T08:04:26","modified_gmt":"2023-05-31T11:04:26","slug":"fernando-gabriel-frecero-nani-q-e-p-d","status":"publish","type":"post","link":"https:\/\/cdnoticias.com\/index.php\/2023\/05\/31\/fernando-gabriel-frecero-nani-q-e-p-d\/","title":{"rendered":"Fernando Gabriel Frecero \u201cNani\u201d (Q.E.P.D.)"},"content":{"rendered":"<p>Falleci\u00f3 en CABA el d\u00eda 30 de mayo de 2023 a los 54 a\u00f1os de edad. Su esposa Alejandra G\u00f3mez. Sus hijos: Fernando, Daiana e Ian Frecero. Sus hijos pol\u00edticos: Carlos, Micaela y Agustina. Sus nietas: Camila y Catalina. Sus hermanos: Jos\u00e9 Luis, M\u00f3nica, Roberto, Alejandra, Sandra, Ver\u00f3nica y Nazareno. Sus hermanos pol\u00edticos; sus sobrinos y dem\u00e1s deudos participan su fallecimiento.<\/p>\n<p>&nbsp;<\/p>\n<p>Sus restos son velados en sala &#8220;D&#8221; de Espa\u00f1a 2942 y ser\u00e1n inhumados este mi\u00e9rcoles a las 9:30 en el cementerio Loma de Paz, previo responso en la capilla ardiente. Servicio adherido a Coopelectric. Vecino de barrio Hip\u00f3lito Yrigoyen. Empleado de la F\u00e1brica SCAC.<\/p>\n","protected":false},"excerpt":{"rendered":"<p>Falleci\u00f3 en CABA el d\u00eda 30 de mayo de 2023 a los 54 a\u00f1os de edad. Su esposa Alejandra G\u00f3mez.<\/p>\n","protected":false},"author":5,"featured_media":67646,"comment_status":"closed","ping_status":"closed","sticky":false,"template":"","format":"standard","meta":{"_jetpack_memberships_contains_paid_content":false,"footnotes":""},"categories":[10],"tags":[],"class_list":["post-86475","post","type-post","status-publish","format-standard","has-post-thumbnail","hentry","category-necrologicas"],"jetpack_featured_media_url":"https:\/\/i0.wp.com\/cdnoticias.com\/wp-content\/uploads\/2022\/10\/necrologicas-390-x-240.jpg?fit=390%2C240&ssl=1","jetpack_sharing_enabled":true,"_links":{"self":[{"href":"https:\/\/cdnoticias.com\/index.php\/wp-json\/wp\/v2\/posts\/86475","targetHints":{"allow":["GET"]}}],"collection":[{"href":"https:\/\/cdnoticias.com\/index.php\/wp-json\/wp\/v2\/posts"}],"about":[{"href":"https:\/\/cdnoticias.com\/index.php\/wp-json\/wp\/v2\/types\/post"}],"author":[{"embeddable":true,"href":"https:\/\/cdnoticias.com\/index.php\/wp-json\/wp\/v2\/users\/5"}],"replies":[{"embeddable":true,"href":"https:\/\/cdnoticias.com\/index.php\/wp-json\/wp\/v2\/comments?post=86475"}],"version-history":[{"count":0,"href":"https:\/\/cdnoticias.com\/index.php\/wp-json\/wp\/v2\/posts\/86475\/revisions"}],"wp:featuredmedia":[{"embeddable":true,"href":"https:\/\/cdnoticias.com\/index.php\/wp-json\/wp\/v2\/media\/67646"}],"wp:attachment":[{"href":"https:\/\/cdnoticias.com\/index.php\/wp-json\/wp\/v2\/media?parent=86475"}],"wp:term":[{"taxonomy":"category","embeddable":true,"href":"https:\/\/cdnoticias.com\/index.php\/wp-json\/wp\/v2\/categories?post=86475"},{"taxonomy":"post_tag","embeddable":true,"href":"https:\/\/cdnoticias.com\/index.php\/wp-json\/wp\/v2\/tags?post=86475"}],"curies":[{"name":"wp","href":"https:\/\/api.w.org\/{rel}","templated":true}]}}