{"id":86469,"date":"2023-05-30T19:48:27","date_gmt":"2023-05-30T22:48:27","guid":{"rendered":"https:\/\/www.centraldenoticias.com.ar\/?p=86469"},"modified":"2023-05-31T08:18:00","modified_gmt":"2023-05-31T11:18:00","slug":"confirmaron-que-los-terrenos-de-industrial-son-de-la-institucion-el-viernes-firmaran-la-escritura","status":"publish","type":"post","link":"https:\/\/cdnoticias.com\/index.php\/2023\/05\/30\/confirmaron-que-los-terrenos-de-industrial-son-de-la-institucion-el-viernes-firmaran-la-escritura\/","title":{"rendered":"Confirmaron que los terrenos linderos a Industrial son de la instituci\u00f3n: el viernes firmar\u00e1n la escritura"},"content":{"rendered":"<p>As\u00ed fue anunciado por la concejala Mercedes Land\u00edvar. Ratificaron que \u201chab\u00eda sido donado en 1960 por el propio Estado Municipal al Estado Nacional\u201d y que \u201cse pone en valor el reclamo de la comunidad educativa de la escuela\u201d. <!--more--><\/p>\n<hr \/>\n<p>Este martes,<strong> la concejala Mercedes Land\u00edvar confirm\u00f3, en sus redes sociales, que los terrenos linderos a la Escuela Industrial pertenecen al establecimiento educativo, tras varios cruces, movilizaciones y un proyecto de espacio verde que proyectaba la gesti\u00f3n Municipal.<\/strong><\/p>\n<p>&nbsp;<\/p>\n<p>Land\u00edvar realiz\u00f3 un extenso repaso de todo lo sucedido desde julio de 2022, cuando<em> \u201cuna cuadrilla de trabajadores del municipio, por \u00f3rdenes del Secretario de Desarrollo Social Dr. Diego Robbiani, quit\u00f3 el alambrado ol\u00edmpico de los terrenos linderos a la escuela e intent\u00f3 apropiarse del inmueble (actualmente tramita una causa penal por este hecho)\u201d.<\/em><\/p>\n<p>&nbsp;<\/p>\n<p>Esta acci\u00f3n, denunci\u00f3 la legisladora local, <em>\u201cse llev\u00f3 a cabo en plenas vacaciones de invierno, un fin de semana y sin previo aviso a las autoridades educativas del distrito\u201d.<\/em><\/p>\n<p>&nbsp;<\/p>\n<p><img data-recalc-dims=\"1\" loading=\"lazy\" decoding=\"async\" class=\"alignnone size-full wp-image-69593\" src=\"https:\/\/i0.wp.com\/cdnoticias.com\/wp-content\/uploads\/2022\/11\/MarchaIndustrial20.jpg?resize=720%2C480&#038;ssl=1\" alt=\"\" width=\"720\" height=\"480\" srcset=\"https:\/\/i0.wp.com\/cdnoticias.com\/wp-content\/uploads\/2022\/11\/MarchaIndustrial20.jpg?w=720&amp;ssl=1 720w, https:\/\/i0.wp.com\/cdnoticias.com\/wp-content\/uploads\/2022\/11\/MarchaIndustrial20.jpg?resize=300%2C200&amp;ssl=1 300w, https:\/\/i0.wp.com\/cdnoticias.com\/wp-content\/uploads\/2022\/11\/MarchaIndustrial20.jpg?resize=272%2C182&amp;ssl=1 272w\" sizes=\"auto, (max-width: 720px) 100vw, 720px\" \/><\/p>\n<p>&nbsp;<\/p>\n<p>El tema tom\u00f3 estado p\u00fablico y comenzaron a organizarse grupos de egresados, estudiantes, docentes, directivos y ex-directivos, que <strong><em>\u201cconforman un grupo no solo muy grande en t\u00e9rminos cuantitativos, sino con un fuerte compromiso e identificaci\u00f3n por la escuela\u201d.<\/em><\/strong><\/p>\n<p>&nbsp;<\/p>\n<p>Land\u00edvar a\u00f1adi\u00f3 que este grupo se acerc\u00f3 al bloque del Frente de Todos en el Concejo Deliberante y <em>\u201ca partir de varias reuniones se pudo generar en conjunto un trabajo de b\u00fasqueda de informaci\u00f3n, documentos, ordenanzas, expedientes y dem\u00e1s elementos que nos permitieron reconstruir la historia del inmueble y poder averiguar qui\u00e9nes ser\u00edan los verdaderos propietarios del terreno en disputa\u201d.<\/em><\/p>\n<p>&nbsp;<\/p>\n<p>Tras recolectar informaci\u00f3n, <strong>hubo una comunicaci\u00f3n con el Director General de Cultura y Educaci\u00f3n, Alberto Sileoni<\/strong>, para \u201csolicitarle la gesti\u00f3n de averiguar los antecedentes y registros que exist\u00edan en la Direcci\u00f3n de Escuelas del inmueble\u201d.<\/p>\n<p>&nbsp;<\/p>\n<blockquote><p>\u201cNo solo recibimos una respuesta inmediata, sino que pudimos hacernos de informaci\u00f3n para confirmar que el predio que hab\u00eda tomado estado p\u00fablico a ra\u00edz del accionar del Municipio, hab\u00eda sido donado en 1960 por el propio Estado Municipal al Estado Nacional para la construcci\u00f3n del establecimiento\u201d.<\/p><\/blockquote>\n<p>&nbsp;<\/p>\n<p>De esta forma, y con asesoramiento de la fiscal\u00eda de estado y de la escriban\u00eda general de gobierno de la provincia, <em>&#8220;comenzamos lo que consideramos un acto de reparaci\u00f3n y justicia con respecto a la Escuela Industrial, lograr la escritura definitiva del inmueble para solucionar definitivamente la discusi\u00f3n en torno a la posesi\u00f3n del terreno y sus verdaderos propietarios\u201d.<\/em><\/p>\n<p>&nbsp;<\/p>\n<p><img data-recalc-dims=\"1\" loading=\"lazy\" decoding=\"async\" class=\"alignnone size-full wp-image-69528\" src=\"https:\/\/i0.wp.com\/cdnoticias.com\/wp-content\/uploads\/2022\/11\/reunion-industrial1-800x445-1.jpg?resize=800%2C445&#038;ssl=1\" alt=\"\" width=\"800\" height=\"445\" srcset=\"https:\/\/i0.wp.com\/cdnoticias.com\/wp-content\/uploads\/2022\/11\/reunion-industrial1-800x445-1.jpg?w=800&amp;ssl=1 800w, https:\/\/i0.wp.com\/cdnoticias.com\/wp-content\/uploads\/2022\/11\/reunion-industrial1-800x445-1.jpg?resize=300%2C167&amp;ssl=1 300w, https:\/\/i0.wp.com\/cdnoticias.com\/wp-content\/uploads\/2022\/11\/reunion-industrial1-800x445-1.jpg?resize=768%2C427&amp;ssl=1 768w\" sizes=\"auto, (max-width: 800px) 100vw, 800px\" \/><\/p>\n<p>&nbsp;<\/p>\n<blockquote><p>Tal es as\u00ed, que <strong>este viernes<em> \u201cvamos a estar visitando el establecimiento, junto a autoridades de la Direcci\u00f3n General de Escuelas y de la Escriban\u00eda General de Gobierno de la Provincia de Buenos Aires, para realizar la firma de la tan esperada Escritura de los terrenos de la escuela industrial\u201d.<\/em><\/strong><\/p><\/blockquote>\n<p>&nbsp;<\/p>\n<p>Si bien podr\u00eda <em>\u201cser le\u00eddo como un mero acto administrativo\u201d<\/em> tras todo lo sucedido \u201c<strong><em>es necesario poner en valor el reclamo de la comunidad educativa de la escuela, la predisposici\u00f3n de las autoridades provinciales y el trabajo en conjunto que pudimos realizar junto al centro de estudiantes de la escuela, con ex alumnos y miembros de la cooperadora escolar\u201d.<\/em><\/strong><\/p>\n<p>&nbsp;<\/p>\n<p><em>&#8220;No sirve quedarse callados ante las injusticias, y menos cuando existen espacios con voluntad pol\u00edtica para ponerlas en evidencia y resolverlas&#8221;<\/em> cerraron.<\/p>\n","protected":false},"excerpt":{"rendered":"<p>As\u00ed fue anunciado por la concejala Mercedes Land\u00edvar. Ratificaron que \u201chab\u00eda sido donado en 1960 por el propio Estado Municipal<\/p>\n","protected":false},"author":2,"featured_media":69586,"comment_status":"closed","ping_status":"closed","sticky":false,"template":"","format":"standard","meta":{"_jetpack_memberships_contains_paid_content":false,"footnotes":""},"categories":[5,1],"tags":[],"class_list":["post-86469","post","type-post","status-publish","format-standard","has-post-thumbnail","hentry","category-informacion-general","category-portada"],"jetpack_featured_media_url":"https:\/\/i0.wp.com\/cdnoticias.com\/wp-content\/uploads\/2022\/11\/MarchaIndustrial13.jpg?fit=720%2C480&ssl=1","jetpack_sharing_enabled":true,"_links":{"self":[{"href":"https:\/\/cdnoticias.com\/index.php\/wp-json\/wp\/v2\/posts\/86469","targetHints":{"allow":["GET"]}}],"collection":[{"href":"https:\/\/cdnoticias.com\/index.php\/wp-json\/wp\/v2\/posts"}],"about":[{"href":"https:\/\/cdnoticias.com\/index.php\/wp-json\/wp\/v2\/types\/post"}],"author":[{"embeddable":true,"href":"https:\/\/cdnoticias.com\/index.php\/wp-json\/wp\/v2\/users\/2"}],"replies":[{"embeddable":true,"href":"https:\/\/cdnoticias.com\/index.php\/wp-json\/wp\/v2\/comments?post=86469"}],"version-history":[{"count":0,"href":"https:\/\/cdnoticias.com\/index.php\/wp-json\/wp\/v2\/posts\/86469\/revisions"}],"wp:featuredmedia":[{"embeddable":true,"href":"https:\/\/cdnoticias.com\/index.php\/wp-json\/wp\/v2\/media\/69586"}],"wp:attachment":[{"href":"https:\/\/cdnoticias.com\/index.php\/wp-json\/wp\/v2\/media?parent=86469"}],"wp:term":[{"taxonomy":"category","embeddable":true,"href":"https:\/\/cdnoticias.com\/index.php\/wp-json\/wp\/v2\/categories?post=86469"},{"taxonomy":"post_tag","embeddable":true,"href":"https:\/\/cdnoticias.com\/index.php\/wp-json\/wp\/v2\/tags?post=86469"}],"curies":[{"name":"wp","href":"https:\/\/api.w.org\/{rel}","templated":true}]}}