{"id":86444,"date":"2023-05-30T20:25:11","date_gmt":"2023-05-30T23:25:11","guid":{"rendered":"https:\/\/www.centraldenoticias.com.ar\/?p=86444"},"modified":"2023-05-30T20:25:11","modified_gmt":"2023-05-30T23:25:11","slug":"concluyo-una-nueva-promocion-de-internos-alfabetizados-en-la-unidad-2","status":"publish","type":"post","link":"https:\/\/cdnoticias.com\/index.php\/2023\/05\/30\/concluyo-una-nueva-promocion-de-internos-alfabetizados-en-la-unidad-2\/","title":{"rendered":"Concluy\u00f3 una nueva promoci\u00f3n de internos alfabetizados en la Unidad 2"},"content":{"rendered":"<p>Se realiz\u00f3 un acto de entrega de certificados de asistencia a internos de los pabellones N\u00b01 y 8. <!--more--><\/p>\n<hr \/>\n<p>D\u00edas pasados <strong>finaliz\u00f3 la cursada del taller de &#8220;Alfabetizaci\u00f3n Inicial&#8221;<\/strong> que se lleva adelante en la <strong>Unidad Penitenciaria N\u00ba 2 de Sierra Chica<\/strong> a trav\u00e9s del Centro de Acceso a la Justicia (CAJUS) y el \u00e1rea Tratamental e Inclusi\u00f3n Socio Laboral.<\/p>\n<p>&nbsp;<\/p>\n<p>Se realiz\u00f3 un <strong>acto de entrega de certificados<\/strong> de asistencia a<strong> internos de los pabellones N\u00b01 y 8<\/strong>, en el cual estuvieron presentes la Subdirectora de Administraci\u00f3n Guadalupe D\u00edaz y la Coordinadora General de CAJUS, Silvia Dorado.<\/p>\n<p>&nbsp;<\/p>\n<p>El taller comenz\u00f3 en el mes de septiembre del a\u00f1o pasado y lo llevaron adelante <strong>4 internos alfabetizadores<\/strong> &#8220;con el objetivo de introducir a los alumnos en el mundo de la lectoescritura y matem\u00e1tica b\u00e1sica, como paso previo al acceso a la educaci\u00f3n formal. Por otro lado, tambi\u00e9n busca producir cambios a nivel de la subjetividad en relaci\u00f3n a la autoestima, al trabajo, la motivaci\u00f3n, la responsabilidad y la tolerancia a la frustraci\u00f3n&#8221; indicaron.<\/p>\n<p>&nbsp;<\/p>\n<p><img data-recalc-dims=\"1\" loading=\"lazy\" decoding=\"async\" class=\"aligncenter wp-image-86447 size-full\" src=\"https:\/\/i0.wp.com\/cdnoticias.com\/wp-content\/uploads\/2023\/05\/U2-Concluyo-la-promocion-de-internos-alfabetizados-Mayo-2023.jpg?resize=800%2C600&#038;ssl=1\" alt=\"\" width=\"800\" height=\"600\" srcset=\"https:\/\/i0.wp.com\/cdnoticias.com\/wp-content\/uploads\/2023\/05\/U2-Concluyo-la-promocion-de-internos-alfabetizados-Mayo-2023.jpg?w=1600&amp;ssl=1 1600w, https:\/\/i0.wp.com\/cdnoticias.com\/wp-content\/uploads\/2023\/05\/U2-Concluyo-la-promocion-de-internos-alfabetizados-Mayo-2023.jpg?resize=300%2C225&amp;ssl=1 300w, https:\/\/i0.wp.com\/cdnoticias.com\/wp-content\/uploads\/2023\/05\/U2-Concluyo-la-promocion-de-internos-alfabetizados-Mayo-2023.jpg?resize=1024%2C768&amp;ssl=1 1024w, https:\/\/i0.wp.com\/cdnoticias.com\/wp-content\/uploads\/2023\/05\/U2-Concluyo-la-promocion-de-internos-alfabetizados-Mayo-2023.jpg?resize=768%2C576&amp;ssl=1 768w, https:\/\/i0.wp.com\/cdnoticias.com\/wp-content\/uploads\/2023\/05\/U2-Concluyo-la-promocion-de-internos-alfabetizados-Mayo-2023.jpg?resize=1536%2C1152&amp;ssl=1 1536w\" sizes=\"auto, (max-width: 800px) 100vw, 800px\" \/><\/p>\n<p>&nbsp;<\/p>\n<p>La coordinaci\u00f3n de este espacio estuvo a cargo de la Licenciada en Psicolog\u00eda Alejandra De Lazzer del CAJUS y la Jefa de Inclusi\u00f3n Socio Laboral Mar\u00eda del Carmen Fuentes, en conjunto con el \u00e1rea de Tratamiento de la U2 a cargo del Jefe de Asistencia y Tratamiento Carlos Nagel, el Subjefe de Asistencia Facundo Luna y el Subjefe de Tratamiento Fabricio Rico.<\/p>\n<p>&nbsp;<\/p>\n<p>El taller comenz\u00f3 a funcionar en el pabell\u00f3n 1 en enero de este a\u00f1o, con <strong>15 internos y dos alfabetizadores privados de la libertad<\/strong>, divididos por niveles considerando el conocimiento previo de cada alumno. En el pabell\u00f3n 8 fueron<strong> 17 alumnos, con tres instructores internos<\/strong> que alfabetizan y funciona desde septiembre del 2022.<\/p>\n<p>&nbsp;<\/p>\n<p>&#8220;<em>Son talleres informales que dan el paso previo para llegar a la educaci\u00f3n formal. Esta experiencia comenz\u00f3 a gestarse con unos talleres que realiz\u00f3 el comit\u00e9 de resoluci\u00f3n alternativa del conflicto en el a\u00f1o 2020 estando en pandemia, cuando se comenz\u00f3 a alfabetizar con dos internos en el pabell\u00f3n 4 con una respuesta muy positiva&#8221;<\/em> explic\u00f3 De Lazzer.<\/p>\n<p>&nbsp;<\/p>\n<p><img data-recalc-dims=\"1\" loading=\"lazy\" decoding=\"async\" class=\"aligncenter wp-image-86448 size-full\" src=\"https:\/\/i0.wp.com\/cdnoticias.com\/wp-content\/uploads\/2023\/05\/U2-Concluyo-la-promocion-de-internos-alfabetizados-Mayo-2023b.jpg?resize=800%2C600&#038;ssl=1\" alt=\"\" width=\"800\" height=\"600\" srcset=\"https:\/\/i0.wp.com\/cdnoticias.com\/wp-content\/uploads\/2023\/05\/U2-Concluyo-la-promocion-de-internos-alfabetizados-Mayo-2023b.jpg?w=1600&amp;ssl=1 1600w, https:\/\/i0.wp.com\/cdnoticias.com\/wp-content\/uploads\/2023\/05\/U2-Concluyo-la-promocion-de-internos-alfabetizados-Mayo-2023b.jpg?resize=300%2C225&amp;ssl=1 300w, https:\/\/i0.wp.com\/cdnoticias.com\/wp-content\/uploads\/2023\/05\/U2-Concluyo-la-promocion-de-internos-alfabetizados-Mayo-2023b.jpg?resize=1024%2C768&amp;ssl=1 1024w, https:\/\/i0.wp.com\/cdnoticias.com\/wp-content\/uploads\/2023\/05\/U2-Concluyo-la-promocion-de-internos-alfabetizados-Mayo-2023b.jpg?resize=768%2C576&amp;ssl=1 768w, https:\/\/i0.wp.com\/cdnoticias.com\/wp-content\/uploads\/2023\/05\/U2-Concluyo-la-promocion-de-internos-alfabetizados-Mayo-2023b.jpg?resize=1536%2C1152&amp;ssl=1 1536w\" sizes=\"auto, (max-width: 800px) 100vw, 800px\" \/><\/p>\n<p>&nbsp;<\/p>\n<p>&#8220;Luego, en pos-pandemia, se articul\u00f3 con seis participantes internos del pabell\u00f3n 6, comenz\u00f3 en mayo del a\u00f1o pasado y culmin\u00f3 en diciembre, logrando como resultado que fueran incorporados en el ciclo lectivo 2023 en la Escuela Primaria N\u00b0701 en Contexto de Encierro\u201d agreg\u00f3.<\/p>\n<p>&nbsp;<\/p>\n<p>Por \u00faltimo, la Coordinadora General de CAJUS, Silvia Dorado, destac\u00f3 el trabajo en equipo entre los diferentes espacios &#8220;en pos de brindar m\u00e1s posibilidades de crecimiento personal a los privados de la libertad como parte de las actividades tratamentales relacionadas con la educaci\u00f3n&#8221;.<\/p>\n","protected":false},"excerpt":{"rendered":"<p>Se realiz\u00f3 un acto de entrega de certificados de asistencia a internos de los pabellones N\u00b01 y 8.<\/p>\n","protected":false},"author":6,"featured_media":86446,"comment_status":"closed","ping_status":"closed","sticky":false,"template":"","format":"standard","meta":{"_jetpack_memberships_contains_paid_content":false,"footnotes":""},"categories":[5,1],"tags":[],"class_list":["post-86444","post","type-post","status-publish","format-standard","has-post-thumbnail","hentry","category-informacion-general","category-portada"],"jetpack_featured_media_url":"https:\/\/i0.wp.com\/cdnoticias.com\/wp-content\/uploads\/2023\/05\/U2-Concluyo-la-promocion-de-internos-alfabetizados-Mayo-2023a.jpg?fit=1600%2C1200&ssl=1","jetpack_sharing_enabled":true,"_links":{"self":[{"href":"https:\/\/cdnoticias.com\/index.php\/wp-json\/wp\/v2\/posts\/86444","targetHints":{"allow":["GET"]}}],"collection":[{"href":"https:\/\/cdnoticias.com\/index.php\/wp-json\/wp\/v2\/posts"}],"about":[{"href":"https:\/\/cdnoticias.com\/index.php\/wp-json\/wp\/v2\/types\/post"}],"author":[{"embeddable":true,"href":"https:\/\/cdnoticias.com\/index.php\/wp-json\/wp\/v2\/users\/6"}],"replies":[{"embeddable":true,"href":"https:\/\/cdnoticias.com\/index.php\/wp-json\/wp\/v2\/comments?post=86444"}],"version-history":[{"count":0,"href":"https:\/\/cdnoticias.com\/index.php\/wp-json\/wp\/v2\/posts\/86444\/revisions"}],"wp:featuredmedia":[{"embeddable":true,"href":"https:\/\/cdnoticias.com\/index.php\/wp-json\/wp\/v2\/media\/86446"}],"wp:attachment":[{"href":"https:\/\/cdnoticias.com\/index.php\/wp-json\/wp\/v2\/media?parent=86444"}],"wp:term":[{"taxonomy":"category","embeddable":true,"href":"https:\/\/cdnoticias.com\/index.php\/wp-json\/wp\/v2\/categories?post=86444"},{"taxonomy":"post_tag","embeddable":true,"href":"https:\/\/cdnoticias.com\/index.php\/wp-json\/wp\/v2\/tags?post=86444"}],"curies":[{"name":"wp","href":"https:\/\/api.w.org\/{rel}","templated":true}]}}