{"id":86420,"date":"2023-05-30T19:00:59","date_gmt":"2023-05-30T22:00:59","guid":{"rendered":"https:\/\/www.centraldenoticias.com.ar\/?p=86420"},"modified":"2023-05-30T19:00:59","modified_gmt":"2023-05-30T22:00:59","slug":"los-vecinos-de-sierras-bayas-abrazaron-la-primera-planta-cementera","status":"publish","type":"post","link":"https:\/\/cdnoticias.com\/index.php\/2023\/05\/30\/los-vecinos-de-sierras-bayas-abrazaron-la-primera-planta-cementera\/","title":{"rendered":"Los vecinos de Sierras Bayas abrazaron la Primera Planta Cementera"},"content":{"rendered":"<p>Medio centenar de vecinos se autoconvoc\u00f3 para apoyar la iniciativa de declararla Monumento Hist\u00f3rico Nacional.<\/p>\n<p><!--more--><\/p>\n<hr \/>\n<p>En la fr\u00eda tarde del domingo se realiz\u00f3 el<strong>\u00a0abrazo simb\u00f3lico a la Primera Planta Cementera de Sierras Bayas<\/strong>. La propuesta fue <strong>organizada por el grupo Patrimonio<\/strong> de la localidad.<\/p>\n<p>&nbsp;<\/p>\n<p><strong>Medio centenar de vecinos<\/strong> se autoconvoc\u00f3 para apoyar la iniciativa de <strong>declarar Monumento Hist\u00f3rico Nacional<\/strong> a la <a href=\"https:\/\/cdnoticias.com\/index.php\/2023\/05\/29\/para-preservar-la-historia-de-sierras-bayas-abrazo-a-la-fabrica-de-cemento-portland\/\" target=\"_blank\" rel=\"noopener\">Primera F\u00e1brica de Cemento Portland a escala industrial<\/a>.<\/p>\n<p>&nbsp;<\/p>\n<p>Se indic\u00f3 que el sencillo y emotivo acto convoc\u00f3 a <strong>exempleados de la f\u00e1brica y sus familias<\/strong>, entre ellos <strong>Antonio Di Buono que con sus 93 a\u00f1os<\/strong> se hizo presente en el lugar.<\/p>\n<p>&nbsp;<\/p>\n<p><img data-recalc-dims=\"1\" loading=\"lazy\" decoding=\"async\" class=\"size-full wp-image-86422 aligncenter\" src=\"https:\/\/i0.wp.com\/cdnoticias.com\/wp-content\/uploads\/2023\/05\/sierras-bayas-abrazo-fabrica-de-cemento-B.jpg?resize=800%2C445&#038;ssl=1\" alt=\"\" width=\"800\" height=\"445\" srcset=\"https:\/\/i0.wp.com\/cdnoticias.com\/wp-content\/uploads\/2023\/05\/sierras-bayas-abrazo-fabrica-de-cemento-B.jpg?w=800&amp;ssl=1 800w, https:\/\/i0.wp.com\/cdnoticias.com\/wp-content\/uploads\/2023\/05\/sierras-bayas-abrazo-fabrica-de-cemento-B.jpg?resize=300%2C167&amp;ssl=1 300w, https:\/\/i0.wp.com\/cdnoticias.com\/wp-content\/uploads\/2023\/05\/sierras-bayas-abrazo-fabrica-de-cemento-B.jpg?resize=768%2C427&amp;ssl=1 768w\" sizes=\"auto, (max-width: 800px) 100vw, 800px\" \/><\/p>\n<p>&nbsp;<\/p>\n<p>El acto comenz\u00f3 a las 16.15 en las cercan\u00edas de la \u201cChaper\u00eda\u201d, la entrada principal a la planta. <strong>Cecilia Alves<\/strong>, conocida por su trayectoria en La Calera 1888 entre otros proyectos, <strong>explic\u00f3 el contexto en que se comenz\u00f3 a trabajar esta propuesta<\/strong>. Y a continuaci\u00f3n ley\u00f3 la carta presentada al Concejo Deliberante el 10 de mayo pasado. La misma, realizada por el grupo de vecinos, solicita la declaraci\u00f3n de Patrimonio Hist\u00f3rico Cultural del Partido de Olavarr\u00eda para la Primera F\u00e1brica de Cemento Portland de Argentina.<\/p>\n<p>&nbsp;<\/p>\n<p>A continuaci\u00f3n, <strong>Dora Tassara<\/strong>, nacida en Sierras Bayas, docente e integrante del grupo de vecinos por el Patrimonio de Sierras Bayas <strong>ley\u00f3 una emotiva nota donde se describi\u00f3 el sentido de identidad y pertenencia<\/strong> de la comunidad.<\/p>\n<p>&nbsp;<\/p>\n<p>Durante el encuentro se firm\u00f3 una <strong>planilla de adhesi\u00f3n<\/strong> que acompa\u00f1ar\u00e1 la nota presentada al HCD.<\/p>\n<p>&nbsp;<\/p>\n<p>Para finalizar el acto se form\u00f3 una ronda entre los asistentes y <strong>se entonaron las estrofas del Himno Nacional<\/strong>. Seguidamente hubo encuentros, abrazos y muestras de afecto de vecinos, y trabajadores de la familia sanmartiniana.<\/p>\n<p>&nbsp;<\/p>\n","protected":false},"excerpt":{"rendered":"<p>Medio centenar de vecinos se autoconvoc\u00f3 para apoyar la iniciativa de declararla Monumento Hist\u00f3rico Nacional.<\/p>\n","protected":false},"author":4,"featured_media":86421,"comment_status":"closed","ping_status":"closed","sticky":false,"template":"","format":"standard","meta":{"_jetpack_memberships_contains_paid_content":false,"footnotes":""},"categories":[5,1],"tags":[],"class_list":["post-86420","post","type-post","status-publish","format-standard","has-post-thumbnail","hentry","category-informacion-general","category-portada"],"jetpack_featured_media_url":"https:\/\/i0.wp.com\/cdnoticias.com\/wp-content\/uploads\/2023\/05\/sierras-bayas-abrazo-fabrica-de-cemento-A.jpg?fit=800%2C445&ssl=1","jetpack_sharing_enabled":true,"_links":{"self":[{"href":"https:\/\/cdnoticias.com\/index.php\/wp-json\/wp\/v2\/posts\/86420","targetHints":{"allow":["GET"]}}],"collection":[{"href":"https:\/\/cdnoticias.com\/index.php\/wp-json\/wp\/v2\/posts"}],"about":[{"href":"https:\/\/cdnoticias.com\/index.php\/wp-json\/wp\/v2\/types\/post"}],"author":[{"embeddable":true,"href":"https:\/\/cdnoticias.com\/index.php\/wp-json\/wp\/v2\/users\/4"}],"replies":[{"embeddable":true,"href":"https:\/\/cdnoticias.com\/index.php\/wp-json\/wp\/v2\/comments?post=86420"}],"version-history":[{"count":0,"href":"https:\/\/cdnoticias.com\/index.php\/wp-json\/wp\/v2\/posts\/86420\/revisions"}],"wp:featuredmedia":[{"embeddable":true,"href":"https:\/\/cdnoticias.com\/index.php\/wp-json\/wp\/v2\/media\/86421"}],"wp:attachment":[{"href":"https:\/\/cdnoticias.com\/index.php\/wp-json\/wp\/v2\/media?parent=86420"}],"wp:term":[{"taxonomy":"category","embeddable":true,"href":"https:\/\/cdnoticias.com\/index.php\/wp-json\/wp\/v2\/categories?post=86420"},{"taxonomy":"post_tag","embeddable":true,"href":"https:\/\/cdnoticias.com\/index.php\/wp-json\/wp\/v2\/tags?post=86420"}],"curies":[{"name":"wp","href":"https:\/\/api.w.org\/{rel}","templated":true}]}}