{"id":86399,"date":"2023-05-30T11:38:44","date_gmt":"2023-05-30T14:38:44","guid":{"rendered":"https:\/\/www.centraldenoticias.com.ar\/?p=86399"},"modified":"2023-05-30T11:38:49","modified_gmt":"2023-05-30T14:38:49","slug":"piden-circular-con-precaucion-por-tareas-de-bacheo","status":"publish","type":"post","link":"https:\/\/cdnoticias.com\/index.php\/2023\/05\/30\/piden-circular-con-precaucion-por-tareas-de-bacheo\/","title":{"rendered":"Piden circular con precauci\u00f3n por tareas de bacheo"},"content":{"rendered":"<p>Es en el sector comprendido por autopista Fortabat entre calle 157 y ruta provincial 51. Las tareas se realizar\u00e1n durante la ma\u00f1ana del mi\u00e9rcoles. <!--more--><\/p>\n<hr \/>\n<p>Este mi\u00e9rcoles 31 de mayo se llevar\u00e1n a cabo tareas de bacheo en el sector comprendido por <strong>autopista Luciano Fortabat entre calle 157 y ruta provincial 51.<\/strong><\/p>\n<p>&nbsp;<\/p>\n<blockquote><p>Las tareas comenzar\u00e1n alrededor de las 9:00 y se estima su finalizaci\u00f3n en horas del mediod\u00eda.<\/p><\/blockquote>\n<p>&nbsp;<\/p>\n<p>Por tal motivo desde la secretar\u00eda de Mantenimiento y Obras P\u00fablicas, a trav\u00e9s de la Direcci\u00f3n de Mantenimiento, solicitaron<strong> circular con precauci\u00f3n por la zona<\/strong>, respetando las indicaciones correspondientes.<\/p>\n<p>&nbsp;<\/p>\n","protected":false},"excerpt":{"rendered":"<p>Es en el sector comprendido por autopista Fortabat entre calle 157 y ruta provincial 51. Las tareas se realizar\u00e1n durante<\/p>\n","protected":false},"author":5,"featured_media":54779,"comment_status":"closed","ping_status":"closed","sticky":false,"template":"","format":"standard","meta":{"_jetpack_memberships_contains_paid_content":false,"footnotes":""},"categories":[5,1],"tags":[],"class_list":["post-86399","post","type-post","status-publish","format-standard","has-post-thumbnail","hentry","category-informacion-general","category-portada"],"jetpack_featured_media_url":"https:\/\/i0.wp.com\/cdnoticias.com\/wp-content\/uploads\/2022\/05\/OBRAS-Bacheo-Av.-Avellaneda-2-1024x576-1.jpeg?fit=1024%2C576&ssl=1","jetpack_sharing_enabled":true,"_links":{"self":[{"href":"https:\/\/cdnoticias.com\/index.php\/wp-json\/wp\/v2\/posts\/86399","targetHints":{"allow":["GET"]}}],"collection":[{"href":"https:\/\/cdnoticias.com\/index.php\/wp-json\/wp\/v2\/posts"}],"about":[{"href":"https:\/\/cdnoticias.com\/index.php\/wp-json\/wp\/v2\/types\/post"}],"author":[{"embeddable":true,"href":"https:\/\/cdnoticias.com\/index.php\/wp-json\/wp\/v2\/users\/5"}],"replies":[{"embeddable":true,"href":"https:\/\/cdnoticias.com\/index.php\/wp-json\/wp\/v2\/comments?post=86399"}],"version-history":[{"count":0,"href":"https:\/\/cdnoticias.com\/index.php\/wp-json\/wp\/v2\/posts\/86399\/revisions"}],"wp:featuredmedia":[{"embeddable":true,"href":"https:\/\/cdnoticias.com\/index.php\/wp-json\/wp\/v2\/media\/54779"}],"wp:attachment":[{"href":"https:\/\/cdnoticias.com\/index.php\/wp-json\/wp\/v2\/media?parent=86399"}],"wp:term":[{"taxonomy":"category","embeddable":true,"href":"https:\/\/cdnoticias.com\/index.php\/wp-json\/wp\/v2\/categories?post=86399"},{"taxonomy":"post_tag","embeddable":true,"href":"https:\/\/cdnoticias.com\/index.php\/wp-json\/wp\/v2\/tags?post=86399"}],"curies":[{"name":"wp","href":"https:\/\/api.w.org\/{rel}","templated":true}]}}