{"id":8638,"date":"2020-12-10T14:05:58","date_gmt":"2020-12-10T17:05:58","guid":{"rendered":"http:\/\/www.centraldenoticias.com.ar\/?p=8638"},"modified":"2020-12-10T14:05:58","modified_gmt":"2020-12-10T17:05:58","slug":"debate-por-el-aborto-segui-en-vivo-la-sesion-del-congreso","status":"publish","type":"post","link":"https:\/\/cdnoticias.com\/index.php\/2020\/12\/10\/debate-por-el-aborto-segui-en-vivo-la-sesion-del-congreso\/","title":{"rendered":"Debate por el aborto: segu\u00ed en vivo la sesi\u00f3n del Congreso"},"content":{"rendered":"<p>Se estima un debate de m\u00e1s de 24 horas. Hay movilizaciones y vigilias fuera del Congreso.<!--more--><\/p>\n<hr \/>\n<p>Desde horas del mediod\u00eda, <strong>se debate en el Congreso de la Naci\u00f3n el proyecto de Interrupci\u00f3n Voluntaria del Embarazo (IVE).<\/strong><\/p>\n<p>&nbsp;<\/p>\n<div class=\"jetpack-video-wrapper\"><iframe loading=\"lazy\" width=\"800\" height=\"600\" src=\"https:\/\/www.youtube.com\/embed\/jXgbJFeWXMk?feature=oembed\" frameborder=\"0\" allow=\"accelerometer; autoplay; clipboard-write; encrypted-media; gyroscope; picture-in-picture\" allowfullscreen><\/iframe><\/div>\n<p>&nbsp;<\/p>\n<p>La propuesta, emitida desde el gobierno nacional,<strong> recibi\u00f3 dictamen en un plenario de comisiones de la C\u00e1mara de Diputados.<\/strong> Mientras, en las inmediaciones del Congreso, se congregan manifestantes a favor y en contra de la aprobaci\u00f3n de la norma.<\/p>\n<p>&nbsp;<\/p>\n<p>El proyecto establece que <em>\u201clas mujeres y otras personas con identidades de g\u00e9nero con capacidad de gestar\u201d<\/em> tienen derecho a practicarse un aborto hasta la semana 14 del proceso gestacional. Tal como se esperaba, <strong>se realizaron modificaciones de \u00faltimo momento en la iniciativa enviada por el Poder Ejecutivo.<\/strong><\/p>\n<p>&nbsp;<\/p>\n<p>El principal cambio que se realiz\u00f3 es<strong> la incorporaci\u00f3n de la objeci\u00f3n de conciencia institucional para profesionales de centros m\u00e9dicos privados.<\/strong> A su vez, el proyecto establece la<strong> obligatoriedad de garantizar la derivaci\u00f3n de la paciente a una dependencia sanitaria p\u00fablica.<\/strong><\/p>\n","protected":false},"excerpt":{"rendered":"<p>Se estima un debate de m\u00e1s de 24 horas. Hay movilizaciones y vigilias fuera del Congreso.<\/p>\n","protected":false},"author":2,"featured_media":8639,"comment_status":"closed","ping_status":"closed","sticky":false,"template":"","format":"standard","meta":{"_jetpack_memberships_contains_paid_content":false,"footnotes":""},"categories":[6,1],"tags":[],"class_list":["post-8638","post","type-post","status-publish","format-standard","has-post-thumbnail","hentry","category-nacionales","category-portada"],"jetpack_featured_media_url":"https:\/\/i0.wp.com\/cdnoticias.com\/wp-content\/uploads\/2020\/12\/aborto-debate.jpg?fit=1004%2C565&ssl=1","jetpack_sharing_enabled":true,"_links":{"self":[{"href":"https:\/\/cdnoticias.com\/index.php\/wp-json\/wp\/v2\/posts\/8638","targetHints":{"allow":["GET"]}}],"collection":[{"href":"https:\/\/cdnoticias.com\/index.php\/wp-json\/wp\/v2\/posts"}],"about":[{"href":"https:\/\/cdnoticias.com\/index.php\/wp-json\/wp\/v2\/types\/post"}],"author":[{"embeddable":true,"href":"https:\/\/cdnoticias.com\/index.php\/wp-json\/wp\/v2\/users\/2"}],"replies":[{"embeddable":true,"href":"https:\/\/cdnoticias.com\/index.php\/wp-json\/wp\/v2\/comments?post=8638"}],"version-history":[{"count":0,"href":"https:\/\/cdnoticias.com\/index.php\/wp-json\/wp\/v2\/posts\/8638\/revisions"}],"wp:featuredmedia":[{"embeddable":true,"href":"https:\/\/cdnoticias.com\/index.php\/wp-json\/wp\/v2\/media\/8639"}],"wp:attachment":[{"href":"https:\/\/cdnoticias.com\/index.php\/wp-json\/wp\/v2\/media?parent=8638"}],"wp:term":[{"taxonomy":"category","embeddable":true,"href":"https:\/\/cdnoticias.com\/index.php\/wp-json\/wp\/v2\/categories?post=8638"},{"taxonomy":"post_tag","embeddable":true,"href":"https:\/\/cdnoticias.com\/index.php\/wp-json\/wp\/v2\/tags?post=8638"}],"curies":[{"name":"wp","href":"https:\/\/api.w.org\/{rel}","templated":true}]}}