{"id":86207,"date":"2023-05-27T16:33:54","date_gmt":"2023-05-27T19:33:54","guid":{"rendered":"https:\/\/www.centraldenoticias.com.ar\/?p=86207"},"modified":"2023-05-27T19:43:52","modified_gmt":"2023-05-27T22:43:52","slug":"reunion-para-la-normalizacion-finall-de-la-cgt-regional-olavarria","status":"publish","type":"post","link":"https:\/\/cdnoticias.com\/index.php\/2023\/05\/27\/reunion-para-la-normalizacion-finall-de-la-cgt-regional-olavarria\/","title":{"rendered":"Reuni\u00f3n para la normalizaci\u00f3n final de la CGT Regional Olavarr\u00eda"},"content":{"rendered":"<p>Participaron 40 organizaciones gremiales durante la semana. Hubo algunos ausentes, y estuvo presente el coordinador nacional de la Secretar\u00eda del Interior de la Confederaci\u00f3n, Horacio Otero.<!--more--><\/p>\n<hr \/>\n<p>M\u00e1s de <strong>40 organizaciones gremiales<\/strong> participaron en la tarde del martes pasado del plenario sindical desarrollado en la Sociedad de Fomento Pueblo Nuevo, <strong>con el objetivo de avanzar hacia la normalizaci\u00f3n definitiva de la Confederaci\u00f3n General del Trabajo (CGT) Delegaci\u00f3n Regional Olavarr\u00eda.<\/strong><\/p>\n<p>&nbsp;<\/p>\n<p>Esta conformaci\u00f3n, explicaron, se dio <strong><em>\u201cluego de varios encuentros y reuniones, donde siempre estuvo de manifiesto la intenci\u00f3n de incorporar e incluir a todos los gremios y organizaciones sindicales sin distinci\u00f3n\u201d.<\/em><\/strong><\/p>\n<p>&nbsp;<\/p>\n<blockquote><p>Si bien se\u00f1alaron una convocatoria de d\u00edas atr\u00e1s en un medio local, hubo algunos ausentes: los m\u00e1s resonantes fueron los titulares del CECO y de AOMA.<\/p><\/blockquote>\n<p>&nbsp;<\/p>\n<p>Para ratificar la normalizaci\u00f3n estuvo en Olavarr\u00eda Horacio Otero, coordinador nacional de la Secretar\u00eda del Interior de la Confederaci\u00f3n General del Trabajo de la Rep\u00fablica Argentina.<\/p>\n<p>&nbsp;<\/p>\n<p><img data-recalc-dims=\"1\" loading=\"lazy\" decoding=\"async\" class=\"alignnone size-large wp-image-86209\" src=\"https:\/\/i0.wp.com\/cdnoticias.com\/wp-content\/uploads\/2023\/05\/pro-pPaxfJoo.jpeg?resize=800%2C600&#038;ssl=1\" alt=\"\" width=\"800\" height=\"600\" srcset=\"https:\/\/i0.wp.com\/cdnoticias.com\/wp-content\/uploads\/2023\/05\/pro-pPaxfJoo.jpeg?resize=1024%2C768&amp;ssl=1 1024w, https:\/\/i0.wp.com\/cdnoticias.com\/wp-content\/uploads\/2023\/05\/pro-pPaxfJoo.jpeg?resize=300%2C225&amp;ssl=1 300w, https:\/\/i0.wp.com\/cdnoticias.com\/wp-content\/uploads\/2023\/05\/pro-pPaxfJoo.jpeg?resize=768%2C576&amp;ssl=1 768w, https:\/\/i0.wp.com\/cdnoticias.com\/wp-content\/uploads\/2023\/05\/pro-pPaxfJoo.jpeg?resize=1536%2C1152&amp;ssl=1 1536w, https:\/\/i0.wp.com\/cdnoticias.com\/wp-content\/uploads\/2023\/05\/pro-pPaxfJoo.jpeg?w=1600&amp;ssl=1 1600w\" sizes=\"auto, (max-width: 800px) 100vw, 800px\" \/><\/p>\n<p>&nbsp;<\/p>\n<p>Otero encabez\u00f3 las deliberaciones y el an\u00e1lisis de situaci\u00f3n del mapa sindical olavarriense y se encarg\u00f3 de la fiscalizaci\u00f3n de los avales de las organizaciones presentes para la conformaci\u00f3n del padr\u00f3n de la Regional, \u00faltimo paso previo a la definitiva normalizaci\u00f3n de la CGT Regional Olavarr\u00eda.<\/p>\n<p>&nbsp;<\/p>\n<p>El dirigente nacional, que hab\u00eda iniciado el a\u00f1o pasado su actuaci\u00f3n en la ciudad, felicit\u00f3 a los presentes por los avances alcanzados en pos de la unidad sindical y \u201clos invit\u00f3 a redoblar los esfuerzos en el mismo sentido en el tramo final del proceso de normalizaci\u00f3n\u201d.<\/p>\n<p>&nbsp;<\/p>\n<p>Los pasos a seguir, seg\u00fan explic\u00f3 Otero, ser\u00e1n la elevaci\u00f3n del informe de avales a la conducci\u00f3n central de la CGT y, una vez aprobados, realizar una nueva convocatoria para declarar definitivamente conformada la CGT Regional Olavarr\u00eda.<\/p>\n<p>&nbsp;<\/p>\n<p>\u201cSe trata de un logro de significativa importancia si se tiene en cuenta que la delegaci\u00f3n regional de CGT Olavarr\u00eda dej\u00f3 de funcionar hace m\u00e1s de 20 a\u00f1os\u201d explicaron.<\/p>\n<p>&nbsp;<\/p>\n<p>Su regreso oficial a la acci\u00f3n ser\u00e1 \u201cuna herramienta clave para la defensa de los derechos de los trabajadores y trabajadoras de Olavarr\u00eda y la regi\u00f3n\u201d.<\/p>\n<p>&nbsp;<\/p>\n<p>Adhirieron a esta iniciativa desde UOM, SMATA, UOCRA, UTA, SADOP, Udocba, FOCRA, UTEDYC, Sanidad, La Bancaria, SOIVA, SUTERYH, Stigas, SUTPA, SOEESIT, SUTCAPRA, APV, SATSAID, La Fraternidad, SUETRA, FGPIC, UPCN, Fleteros, AERI, Papeleros, FATPREN, FATIDA, ADEFO, SECASFPI, SSRA, SEIVARA, Qu\u00edmicos, Panaderos, FOECYT, UATRE, Estaci\u00f3n de Servicios, SOSBA, SATIF, Gastron\u00f3micos, Municipales y Camioneros.<\/p>\n","protected":false},"excerpt":{"rendered":"<p>Participaron 40 organizaciones gremiales durante la semana. Hubo algunos ausentes, y estuvo presente el coordinador nacional de la Secretar\u00eda del<\/p>\n","protected":false},"author":2,"featured_media":86208,"comment_status":"closed","ping_status":"closed","sticky":false,"template":"","format":"standard","meta":{"_jetpack_memberships_contains_paid_content":false,"footnotes":""},"categories":[4,1],"tags":[],"class_list":["post-86207","post","type-post","status-publish","format-standard","has-post-thumbnail","hentry","category-politica","category-portada"],"jetpack_featured_media_url":"https:\/\/i0.wp.com\/cdnoticias.com\/wp-content\/uploads\/2023\/05\/pro-NXPmFqAp.jpeg?fit=1600%2C1200&ssl=1","jetpack_sharing_enabled":true,"_links":{"self":[{"href":"https:\/\/cdnoticias.com\/index.php\/wp-json\/wp\/v2\/posts\/86207","targetHints":{"allow":["GET"]}}],"collection":[{"href":"https:\/\/cdnoticias.com\/index.php\/wp-json\/wp\/v2\/posts"}],"about":[{"href":"https:\/\/cdnoticias.com\/index.php\/wp-json\/wp\/v2\/types\/post"}],"author":[{"embeddable":true,"href":"https:\/\/cdnoticias.com\/index.php\/wp-json\/wp\/v2\/users\/2"}],"replies":[{"embeddable":true,"href":"https:\/\/cdnoticias.com\/index.php\/wp-json\/wp\/v2\/comments?post=86207"}],"version-history":[{"count":0,"href":"https:\/\/cdnoticias.com\/index.php\/wp-json\/wp\/v2\/posts\/86207\/revisions"}],"wp:featuredmedia":[{"embeddable":true,"href":"https:\/\/cdnoticias.com\/index.php\/wp-json\/wp\/v2\/media\/86208"}],"wp:attachment":[{"href":"https:\/\/cdnoticias.com\/index.php\/wp-json\/wp\/v2\/media?parent=86207"}],"wp:term":[{"taxonomy":"category","embeddable":true,"href":"https:\/\/cdnoticias.com\/index.php\/wp-json\/wp\/v2\/categories?post=86207"},{"taxonomy":"post_tag","embeddable":true,"href":"https:\/\/cdnoticias.com\/index.php\/wp-json\/wp\/v2\/tags?post=86207"}],"curies":[{"name":"wp","href":"https:\/\/api.w.org\/{rel}","templated":true}]}}