{"id":86203,"date":"2023-05-27T16:19:31","date_gmt":"2023-05-27T19:19:31","guid":{"rendered":"https:\/\/www.centraldenoticias.com.ar\/?p=86203"},"modified":"2023-05-27T16:19:31","modified_gmt":"2023-05-27T19:19:31","slug":"seguimos-llevando-en-alto-las-ideas-de-la-libertad","status":"publish","type":"post","link":"https:\/\/cdnoticias.com\/index.php\/2023\/05\/27\/seguimos-llevando-en-alto-las-ideas-de-la-libertad\/","title":{"rendered":"\u201cSeguimos llevando en alto las ideas de la libertad\u201d"},"content":{"rendered":"<p>La precandidata a Intendente Celeste Arouxet (Ahora Olavarr\u00eda) realiz\u00f3 una recorrida por Barrio Provincias Unidas. Cr\u00edticas a la gesti\u00f3n municipal, provincial y nacional.<!--more--><\/p>\n<hr \/>\n<p>Este s\u00e1bado por la ma\u00f1ana<strong>, la precandidata a Intendente por La Libertad Avanza, Celeste Arouxet, realiz\u00f3 una recorrida con un pu\u00f1ado de dirigentes por el barrio Provincias Unidas<\/strong> para <em>\u201cseguir caminando llevando en alto las ideas de la libertad\u201d.<\/em><\/p>\n<p>&nbsp;<\/p>\n<p>En la recorrida, seg\u00fan explicaron, se\u00f1alaron que los vecinos expusieron la <em>\u201cfalta de cloacas, la inseguridad\u201d<\/em> y pidieron <strong><em>\u201cluminarias que iluminen porque las que est\u00e1n son de sodio\u201d.<\/em><\/strong><\/p>\n<p>&nbsp;<\/p>\n<p><img data-recalc-dims=\"1\" loading=\"lazy\" decoding=\"async\" class=\"alignnone wp-image-86205 size-large\" src=\"https:\/\/i0.wp.com\/cdnoticias.com\/wp-content\/uploads\/2023\/05\/ahora-olava1.jpg?resize=599%2C1024&#038;ssl=1\" alt=\"\" width=\"599\" height=\"1024\" \/><\/p>\n<p>&nbsp;<\/p>\n<p>Adem\u00e1s, pidieron el desarrollo de <em>\u201cuna plazoleta que identifique al barrio con juegos\u201d<\/em> y tambi\u00e9n<strong> la colocaci\u00f3n de sem\u00e1foros, limitadores de velocidad y c\u00e1maras de seguridad.<\/strong> Estas <em>\u201cson entre otras cosas los pedidos que fueron se\u00f1alando cada uno de los vecinos que amablemente nos recibieron\u201d.<\/em><\/p>\n<p>&nbsp;<\/p>\n<p>Finalmente, tambi\u00e9n acusaron al \u201cdesgobierno\u201d nacional y provincial dado que<em> \u201clos comercios de la zona est\u00e1n preocupados por el bajo nivel de actividad\u201d<\/em> y lo atribuyeron a <em><strong>\u201clos embates de la inflaci\u00f3n\u201d.<\/strong><\/em><\/p>\n","protected":false},"excerpt":{"rendered":"<p>La precandidata a Intendente Celeste Arouxet (Ahora Olavarr\u00eda) realiz\u00f3 una recorrida por Barrio Provincias Unidas. Cr\u00edticas a la gesti\u00f3n municipal,<\/p>\n","protected":false},"author":2,"featured_media":86204,"comment_status":"closed","ping_status":"closed","sticky":false,"template":"","format":"standard","meta":{"_jetpack_memberships_contains_paid_content":false,"footnotes":""},"categories":[4,1],"tags":[],"class_list":["post-86203","post","type-post","status-publish","format-standard","has-post-thumbnail","hentry","category-politica","category-portada"],"jetpack_featured_media_url":"https:\/\/i0.wp.com\/cdnoticias.com\/wp-content\/uploads\/2023\/05\/ahora-olava.jpg?fit=1080%2C790&ssl=1","jetpack_sharing_enabled":true,"_links":{"self":[{"href":"https:\/\/cdnoticias.com\/index.php\/wp-json\/wp\/v2\/posts\/86203","targetHints":{"allow":["GET"]}}],"collection":[{"href":"https:\/\/cdnoticias.com\/index.php\/wp-json\/wp\/v2\/posts"}],"about":[{"href":"https:\/\/cdnoticias.com\/index.php\/wp-json\/wp\/v2\/types\/post"}],"author":[{"embeddable":true,"href":"https:\/\/cdnoticias.com\/index.php\/wp-json\/wp\/v2\/users\/2"}],"replies":[{"embeddable":true,"href":"https:\/\/cdnoticias.com\/index.php\/wp-json\/wp\/v2\/comments?post=86203"}],"version-history":[{"count":0,"href":"https:\/\/cdnoticias.com\/index.php\/wp-json\/wp\/v2\/posts\/86203\/revisions"}],"wp:featuredmedia":[{"embeddable":true,"href":"https:\/\/cdnoticias.com\/index.php\/wp-json\/wp\/v2\/media\/86204"}],"wp:attachment":[{"href":"https:\/\/cdnoticias.com\/index.php\/wp-json\/wp\/v2\/media?parent=86203"}],"wp:term":[{"taxonomy":"category","embeddable":true,"href":"https:\/\/cdnoticias.com\/index.php\/wp-json\/wp\/v2\/categories?post=86203"},{"taxonomy":"post_tag","embeddable":true,"href":"https:\/\/cdnoticias.com\/index.php\/wp-json\/wp\/v2\/tags?post=86203"}],"curies":[{"name":"wp","href":"https:\/\/api.w.org\/{rel}","templated":true}]}}