{"id":862,"date":"2020-09-05T20:43:52","date_gmt":"2020-09-05T23:43:52","guid":{"rendered":"http:\/\/www.centraldenoticias.com.ar\/?p=862"},"modified":"2020-09-05T21:06:14","modified_gmt":"2020-09-06T00:06:14","slug":"olavarria-continuara-en-fase-4-con-ciertas-medidas-restrictivas","status":"publish","type":"post","link":"https:\/\/cdnoticias.com\/index.php\/2020\/09\/05\/olavarria-continuara-en-fase-4-con-ciertas-medidas-restrictivas\/","title":{"rendered":"Olavarr\u00eda continuar\u00e1 en Fase 4 con ciertas medidas restrictivas"},"content":{"rendered":"<p>As\u00ed lo confirm\u00f3 el intendente Galli en una esperada conferencia de prensa. Destacaron la importante labor del personal de Salud y anunciaron un sistema de fuertes multas para aquellos que realicen reuniones sociales: podr\u00eda costar hasta 1.600.000 pesos. Habr\u00e1 reducci\u00f3n de atenci\u00f3n en comercios y los bares y restaurantes cerrar\u00e1n m\u00e1s temprano.<!--more--><\/p>\n<hr \/>\n<p>En conferencia de prensa, <strong>el Intendente Galli anunci\u00f3 la continuaci\u00f3n de Olavarr\u00eda en Fase 4 con algunas restricciones para el sector comercial y, adem\u00e1s, anunci\u00f3 un sistema de fuertes multas para aquellos que organicen reuniones sociales en sus domicilios.<\/strong><\/p>\n<p>&nbsp;<\/p>\n<p>Antes de anunciar la continuaci\u00f3n de la Fase 4, <strong>Galli dijo que<em> \u201cestaban dispuestos\u201d<\/em> a tomar medidas<em> \u201cpara que el sistema de Salud no colapse\u201d.<\/em><\/strong> En este sentido, el inicio de la conferencia estuvo signada por las palabras de aliento y orgullo al personal de Salud que est\u00e1n trabajando en todo momento.<\/p>\n<p>&nbsp;<\/p>\n<p>Germ\u00e1n Caputo, secretario de Salud, se\u00f1al\u00f3 que <strong>aproximadamente 50 profesionales de la salud fueron contagiados, as\u00ed como tambi\u00e9n sus familias.<\/strong> Se\u00f1al\u00f3 que en general, <em>\u201cest\u00e1n asintom\u00e1ticas o leves sintomatolog\u00edas\u201d<\/em> e indic\u00f3 que<em> \u201ccuando se recuperen estar\u00e1n trabajando codo a codo junto a nosotros, y con los anticuerpos necesarios para combatir esta pandemia\u201d.<\/em><\/p>\n<p>&nbsp;<\/p>\n<p><iframe loading=\"lazy\" style=\"border: none; overflow: hidden;\" src=\"https:\/\/www.facebook.com\/plugins\/video.php?href=https%3A%2F%2Fwww.facebook.com%2Fcdnolavarria%2Fvideos%2F240827233876184%2F&amp;show_text=0&amp;width=560\" width=\"560\" height=\"315\" frameborder=\"0\" scrolling=\"no\" allowfullscreen=\"allowfullscreen\"><\/iframe><\/p>\n<p>El funcionario se\u00f1al\u00f3 que<em> \u201cestamos finalizando la semana m\u00e1s dura desde que comenz\u00f3 la pandemia<\/em>\u201d y que <em>\u201csab\u00edamos que llegar y finalmente lleg\u00f3\u201d<\/em>. <strong><em>\u201cLes pedimos desde todo el sistema de Salud extremar las medidas para evitar las reuniones sociales\u201d<\/em> <\/strong>agreg\u00f3.<\/p>\n<p>&nbsp;<\/p>\n<blockquote><p>\u201cYa tendremos tiempo de juntarnos a festejar cumplea\u00f1os, abrazarnos, y volver a la normalidad\u201d.<\/p><\/blockquote>\n<p>&nbsp;<\/p>\n<p>Galli, a su t\u00e9rmino, destac\u00f3 que <em>\u201cestamos orgullosos del compromiso que estamos viviendo, de la garra que est\u00e1n poniendo, desde el personal cl\u00ednico, personal COVID, administrativo, de limpieza, a todos, no me quiero olvidar de nadie\u201d.<\/em><\/p>\n<p>&nbsp;<\/p>\n<p>Adem\u00e1s, dijo que el personal<em> \u201csabe que est\u00e1n entrando en un momento complejo de la pandemia. Le est\u00e1n poniendo el alma para afrontar esta situaci\u00f3n. Estamos muy orgullosos de todo el equipo de trabajadores municipales\u201d.<\/em><\/p>\n<p>&nbsp;<\/p>\n<blockquote><p>\u201cEs el momento m\u00e1s complejo, pero no es para desesperarse\u201d.<\/p><\/blockquote>\n<p>&nbsp;<\/p>\n<p>El mandatario local se\u00f1al\u00f3 que <strong>mantuvo un di\u00e1logo con el Jefe de Gabinete de la Provincia, Carlos Bianco, y all\u00ed consensuaron la continuaci\u00f3n de la Fase 4 por una semana m\u00e1s, y la toma de medidas<\/strong> vinculadas a la reducci\u00f3n de la atenci\u00f3n en comercios, de la apertura de bares y restaurantes, sumado a multas millonarias por organizar encuentros sociales.<\/p>\n","protected":false},"excerpt":{"rendered":"<p>As\u00ed lo confirm\u00f3 el intendente Galli en una esperada conferencia de prensa. Destacaron la importante labor del personal de Salud<\/p>\n","protected":false},"author":2,"featured_media":863,"comment_status":"closed","ping_status":"closed","sticky":false,"template":"","format":"standard","meta":{"_jetpack_memberships_contains_paid_content":false,"footnotes":""},"categories":[5,1],"tags":[],"class_list":["post-862","post","type-post","status-publish","format-standard","has-post-thumbnail","hentry","category-informacion-general","category-portada"],"jetpack_featured_media_url":"https:\/\/i0.wp.com\/cdnoticias.com\/wp-content\/uploads\/2020\/09\/conferencia2.jpg?fit=1032%2C774&ssl=1","jetpack_sharing_enabled":true,"_links":{"self":[{"href":"https:\/\/cdnoticias.com\/index.php\/wp-json\/wp\/v2\/posts\/862","targetHints":{"allow":["GET"]}}],"collection":[{"href":"https:\/\/cdnoticias.com\/index.php\/wp-json\/wp\/v2\/posts"}],"about":[{"href":"https:\/\/cdnoticias.com\/index.php\/wp-json\/wp\/v2\/types\/post"}],"author":[{"embeddable":true,"href":"https:\/\/cdnoticias.com\/index.php\/wp-json\/wp\/v2\/users\/2"}],"replies":[{"embeddable":true,"href":"https:\/\/cdnoticias.com\/index.php\/wp-json\/wp\/v2\/comments?post=862"}],"version-history":[{"count":0,"href":"https:\/\/cdnoticias.com\/index.php\/wp-json\/wp\/v2\/posts\/862\/revisions"}],"wp:featuredmedia":[{"embeddable":true,"href":"https:\/\/cdnoticias.com\/index.php\/wp-json\/wp\/v2\/media\/863"}],"wp:attachment":[{"href":"https:\/\/cdnoticias.com\/index.php\/wp-json\/wp\/v2\/media?parent=862"}],"wp:term":[{"taxonomy":"category","embeddable":true,"href":"https:\/\/cdnoticias.com\/index.php\/wp-json\/wp\/v2\/categories?post=862"},{"taxonomy":"post_tag","embeddable":true,"href":"https:\/\/cdnoticias.com\/index.php\/wp-json\/wp\/v2\/tags?post=862"}],"curies":[{"name":"wp","href":"https:\/\/api.w.org\/{rel}","templated":true}]}}