{"id":86197,"date":"2023-05-27T11:20:39","date_gmt":"2023-05-27T14:20:39","guid":{"rendered":"https:\/\/www.centraldenoticias.com.ar\/?p=86197"},"modified":"2023-05-27T11:20:39","modified_gmt":"2023-05-27T14:20:39","slug":"fin-de-semana-largo-mar-del-plata-con-mas-de-100-mil-turistas","status":"publish","type":"post","link":"https:\/\/cdnoticias.com\/index.php\/2023\/05\/27\/fin-de-semana-largo-mar-del-plata-con-mas-de-100-mil-turistas\/","title":{"rendered":"Fin de semana largo: Mar del Plata con m\u00e1s de 100 mil turistas"},"content":{"rendered":"<p>M\u00e1s de 100 mil personas ya arribaron a la ciudad de Mar del Plata hasta este viernes y la ocupaci\u00f3n hotelera llega al 80% en el marco del fin de semana extra largo.<!--more--><\/p>\n<hr \/>\n<p>A pesar de las fuertes lluvias que se registraron en las \u00faltimas horas en gran parte del territorio bonaerense,<strong> la ciudad de Mar del Plata se colm\u00f3 de visitantes en los primeros d\u00edas del fin de semana largo.<\/strong><\/p>\n<p>&nbsp;<\/p>\n<blockquote><p>Seg\u00fan el Ente municipal de Turismo de Mar del Plata (Emtur), desde el jueves ya arribaron a la ciudad \u201cm\u00e1s de cien mil turistas\u201d y hoy segu\u00edan ingresando visitantes por distintos medios.<\/p><\/blockquote>\n<p>&nbsp;<\/p>\n<p>En tanto, detall\u00f3 la agencia de noticias estatal T\u00e9lam,<strong> la ocupaci\u00f3n hotelera (de unas 50.000 plazas) rondaba el 80% en \u201cLa Feliz\u201d, especialmente en establecimientos de 5, 4 y 3 estrellas.<\/strong><\/p>\n<p>&nbsp;<\/p>\n<p>En este marco y con un d\u00eda despejado tras las lluvias, los establecimientos gastron\u00f3micos marplatenses cercanos al mar trabajaban este viernes a pleno y <strong>los visitantes colmaban los paseos costeros y disfrutaban del paisaje mar\u00edtimo.<\/strong><\/p>\n<p>&nbsp;<\/p>\n<p><em>Fuente: DIB<\/em><\/p>\n","protected":false},"excerpt":{"rendered":"<p>M\u00e1s de 100 mil personas ya arribaron a la ciudad de Mar del Plata hasta este viernes y la ocupaci\u00f3n<\/p>\n","protected":false},"author":2,"featured_media":66855,"comment_status":"closed","ping_status":"closed","sticky":false,"template":"","format":"standard","meta":{"_jetpack_memberships_contains_paid_content":false,"footnotes":""},"categories":[6,1],"tags":[],"class_list":["post-86197","post","type-post","status-publish","format-standard","has-post-thumbnail","hentry","category-nacionales","category-portada"],"jetpack_featured_media_url":"https:\/\/i0.wp.com\/cdnoticias.com\/wp-content\/uploads\/2022\/10\/mardelplata-scaled-1.jpg?fit=2560%2C1441&ssl=1","jetpack_sharing_enabled":true,"_links":{"self":[{"href":"https:\/\/cdnoticias.com\/index.php\/wp-json\/wp\/v2\/posts\/86197","targetHints":{"allow":["GET"]}}],"collection":[{"href":"https:\/\/cdnoticias.com\/index.php\/wp-json\/wp\/v2\/posts"}],"about":[{"href":"https:\/\/cdnoticias.com\/index.php\/wp-json\/wp\/v2\/types\/post"}],"author":[{"embeddable":true,"href":"https:\/\/cdnoticias.com\/index.php\/wp-json\/wp\/v2\/users\/2"}],"replies":[{"embeddable":true,"href":"https:\/\/cdnoticias.com\/index.php\/wp-json\/wp\/v2\/comments?post=86197"}],"version-history":[{"count":0,"href":"https:\/\/cdnoticias.com\/index.php\/wp-json\/wp\/v2\/posts\/86197\/revisions"}],"wp:featuredmedia":[{"embeddable":true,"href":"https:\/\/cdnoticias.com\/index.php\/wp-json\/wp\/v2\/media\/66855"}],"wp:attachment":[{"href":"https:\/\/cdnoticias.com\/index.php\/wp-json\/wp\/v2\/media?parent=86197"}],"wp:term":[{"taxonomy":"category","embeddable":true,"href":"https:\/\/cdnoticias.com\/index.php\/wp-json\/wp\/v2\/categories?post=86197"},{"taxonomy":"post_tag","embeddable":true,"href":"https:\/\/cdnoticias.com\/index.php\/wp-json\/wp\/v2\/tags?post=86197"}],"curies":[{"name":"wp","href":"https:\/\/api.w.org\/{rel}","templated":true}]}}