{"id":86195,"date":"2023-05-27T09:05:36","date_gmt":"2023-05-27T12:05:36","guid":{"rendered":"https:\/\/www.centraldenoticias.com.ar\/?p=86195"},"modified":"2023-05-27T09:05:36","modified_gmt":"2023-05-27T12:05:36","slug":"berta-susana-diner-viuda-de-umpierrez-betty-q-e-p-d","status":"publish","type":"post","link":"https:\/\/cdnoticias.com\/index.php\/2023\/05\/27\/berta-susana-diner-viuda-de-umpierrez-betty-q-e-p-d\/","title":{"rendered":"Berta Susana Diner viuda de Umpierrez \u201cBetty\u201d (Q.E.P.D.)"},"content":{"rendered":"<p>Falleci\u00f3 en Capital el 26 de mayo de 2023 a los 84 a\u00f1os. Sus hijos Fabi\u00e1n, Anal\u00eda y Claudia Umpierrez. Sus hijos pol\u00edticos Daniel Acosta y Mercedes Arias. Sus nietos Sof\u00eda, Ferm\u00edn, Tom\u00e1s, Ana Laura y Paulo Acosta; Paula, Nicol\u00e1s, Leandro y Fulvio Citati; Ezequiel Umpierrez. Sus nietos pol\u00edticos Luc\u00eda, Yanella y Mercedes. Sus bisnietos y dem\u00e1s deudos participan su fallecimiento.<\/p>\n<p>&nbsp;<\/p>\n<p>Sus restos son velados en sala \u201cD\u201d de Espa\u00f1a 2942 y ser\u00e1n inhumados en el cementerio Loma de Paz, este domingo 28 de mayo a las 8:30. Servicio adherido a Coopelectric. Vecina de barrio Pueblo Nuevo. Nacida en Capital Federal. Jubilada y Pensionada.<\/p>\n","protected":false},"excerpt":{"rendered":"<p>Falleci\u00f3 en Capital el 26 de mayo de 2023 a los 84 a\u00f1os. Sus hijos Fabi\u00e1n, Anal\u00eda y Claudia Umpierrez.<\/p>\n","protected":false},"author":2,"featured_media":67646,"comment_status":"closed","ping_status":"closed","sticky":false,"template":"","format":"standard","meta":{"_jetpack_memberships_contains_paid_content":false,"footnotes":""},"categories":[10],"tags":[],"class_list":["post-86195","post","type-post","status-publish","format-standard","has-post-thumbnail","hentry","category-necrologicas"],"jetpack_featured_media_url":"https:\/\/i0.wp.com\/cdnoticias.com\/wp-content\/uploads\/2022\/10\/necrologicas-390-x-240.jpg?fit=390%2C240&ssl=1","jetpack_sharing_enabled":true,"_links":{"self":[{"href":"https:\/\/cdnoticias.com\/index.php\/wp-json\/wp\/v2\/posts\/86195","targetHints":{"allow":["GET"]}}],"collection":[{"href":"https:\/\/cdnoticias.com\/index.php\/wp-json\/wp\/v2\/posts"}],"about":[{"href":"https:\/\/cdnoticias.com\/index.php\/wp-json\/wp\/v2\/types\/post"}],"author":[{"embeddable":true,"href":"https:\/\/cdnoticias.com\/index.php\/wp-json\/wp\/v2\/users\/2"}],"replies":[{"embeddable":true,"href":"https:\/\/cdnoticias.com\/index.php\/wp-json\/wp\/v2\/comments?post=86195"}],"version-history":[{"count":0,"href":"https:\/\/cdnoticias.com\/index.php\/wp-json\/wp\/v2\/posts\/86195\/revisions"}],"wp:featuredmedia":[{"embeddable":true,"href":"https:\/\/cdnoticias.com\/index.php\/wp-json\/wp\/v2\/media\/67646"}],"wp:attachment":[{"href":"https:\/\/cdnoticias.com\/index.php\/wp-json\/wp\/v2\/media?parent=86195"}],"wp:term":[{"taxonomy":"category","embeddable":true,"href":"https:\/\/cdnoticias.com\/index.php\/wp-json\/wp\/v2\/categories?post=86195"},{"taxonomy":"post_tag","embeddable":true,"href":"https:\/\/cdnoticias.com\/index.php\/wp-json\/wp\/v2\/tags?post=86195"}],"curies":[{"name":"wp","href":"https:\/\/api.w.org\/{rel}","templated":true}]}}