{"id":86152,"date":"2023-05-25T22:00:59","date_gmt":"2023-05-26T01:00:59","guid":{"rendered":"https:\/\/www.centraldenoticias.com.ar\/?p=86152"},"modified":"2023-05-26T09:00:04","modified_gmt":"2023-05-26T12:00:04","slug":"sigue-la-busqueda-de-los-dos-evadidos-de-la-unidad-27","status":"publish","type":"post","link":"https:\/\/cdnoticias.com\/index.php\/2023\/05\/25\/sigue-la-busqueda-de-los-dos-evadidos-de-la-unidad-27\/","title":{"rendered":"Sigue la b\u00fasqueda de los dos evadidos de la Unidad 27"},"content":{"rendered":"<p>Desde la Jefatura de Polic\u00eda Departamental Olavarr\u00eda se difundieron las im\u00e1genes de los dos pr\u00f3fugos de la c\u00e1rcel de Sierra Chica. Cuando disputaban un partido de f\u00fatbol, huyeron en una camioneta Toyota en direcci\u00f3n a Hinojo.<\/p>\n<p><!--more--><\/p>\n<hr \/>\n<p><a href=\"https:\/\/cdnoticias.com\/index.php\/2023\/05\/25\/dos-internos-quebrantaron-el-regimen-abierto-en-la-unidad-27-sierra-chica\/\" target=\"_blank\" rel=\"noopener\">Tal como se inform\u00f3, este mi\u00e9rcoles alrededor de las 17.30<\/a> dos hombres que <strong>estaban alojados en la Unidad Penal 27 de Sierra Chica quebrantaron el r\u00e9gimen abierto<\/strong>: huyeron en un veh\u00edculo de la sede penitenciaria.<\/p>\n<p>&nbsp;<\/p>\n<p>Desde la Jefatura de Polic\u00eda Departamental Olavarr\u00eda se difundieron las<strong> im\u00e1genes de los dos pr\u00f3fugos<\/strong> y se brindaron m\u00e1s detalles de la evasi\u00f3n.<\/p>\n<p>&nbsp;<\/p>\n<blockquote><p>Se record\u00f3 que los buscados son Cristian Sosa Mazurik, preso por robo agravado, y Mat\u00edas Joaqu\u00edn S\u00e1nchez Honores, condenado por tentativa de homicidio.<\/p><\/blockquote>\n<p>&nbsp;<\/p>\n<p><img data-recalc-dims=\"1\" loading=\"lazy\" decoding=\"async\" class=\"aligncenter wp-image-86154\" src=\"https:\/\/i0.wp.com\/cdnoticias.com\/wp-content\/uploads\/2023\/05\/evadidos-unidad-27-a.jpg?resize=500%2C576&#038;ssl=1\" alt=\"\" width=\"500\" height=\"576\" srcset=\"https:\/\/i0.wp.com\/cdnoticias.com\/wp-content\/uploads\/2023\/05\/evadidos-unidad-27-a.jpg?resize=890%2C1024&amp;ssl=1 890w, https:\/\/i0.wp.com\/cdnoticias.com\/wp-content\/uploads\/2023\/05\/evadidos-unidad-27-a.jpg?resize=261%2C300&amp;ssl=1 261w, https:\/\/i0.wp.com\/cdnoticias.com\/wp-content\/uploads\/2023\/05\/evadidos-unidad-27-a.jpg?resize=768%2C884&amp;ssl=1 768w, https:\/\/i0.wp.com\/cdnoticias.com\/wp-content\/uploads\/2023\/05\/evadidos-unidad-27-a.jpg?w=900&amp;ssl=1 900w\" sizes=\"auto, (max-width: 500px) 100vw, 500px\" \/><\/p>\n<p><img data-recalc-dims=\"1\" loading=\"lazy\" decoding=\"async\" class=\"aligncenter wp-image-86155\" src=\"https:\/\/i0.wp.com\/cdnoticias.com\/wp-content\/uploads\/2023\/05\/evadidos-unidad-27-b.jpg?resize=500%2C773&#038;ssl=1\" alt=\"\" width=\"500\" height=\"773\" srcset=\"https:\/\/i0.wp.com\/cdnoticias.com\/wp-content\/uploads\/2023\/05\/evadidos-unidad-27-b.jpg?resize=662%2C1024&amp;ssl=1 662w, https:\/\/i0.wp.com\/cdnoticias.com\/wp-content\/uploads\/2023\/05\/evadidos-unidad-27-b.jpg?resize=194%2C300&amp;ssl=1 194w, https:\/\/i0.wp.com\/cdnoticias.com\/wp-content\/uploads\/2023\/05\/evadidos-unidad-27-b.jpg?resize=768%2C1188&amp;ssl=1 768w, https:\/\/i0.wp.com\/cdnoticias.com\/wp-content\/uploads\/2023\/05\/evadidos-unidad-27-b.jpg?w=900&amp;ssl=1 900w\" sizes=\"auto, (max-width: 500px) 100vw, 500px\" \/><\/p>\n<p>&nbsp;<\/p>\n<p>Se detall\u00f3 que las autoridades policiales de Olavarr\u00eda recibieron la advertencia desde el Servicio Penitenciario que expuso la <strong>evasi\u00f3n de dos internos de la Unidad 27 mientras disputaban un partido de f\u00fatbol.<\/strong><\/p>\n<p>&nbsp;<\/p>\n<p>En ese contexto, los dos hombres<strong> salieron a pie<\/strong> de la sede ubicada en el cruce de Legourburu P. Iriarte y avenida Centenario y <strong>subieron a una camioneta Toyota color roja o bord\u00f3 donde hab\u00eda un conductor que los aguardaba<\/strong>. As\u00ed emprendieron la huida en direcci\u00f3n a la localidad de Hinojo.<\/p>\n<p>&nbsp;<\/p>\n<blockquote><p>Hasta el momento no se logr\u00f3 dar con los buscados y, con ello, se dieron a conocer las im\u00e1genes.<\/p><\/blockquote>\n<p>&nbsp;<\/p>\n<p>Inmediatamente tras la advertencia sobre el escape, efectivos de la subcomisar\u00eda de Sierra Chica montaron un operativo cerrojo en la zona.<\/p>\n<p>&nbsp;<\/p>\n","protected":false},"excerpt":{"rendered":"<p>Desde la Jefatura de Polic\u00eda Departamental Olavarr\u00eda se difundieron las im\u00e1genes de los dos pr\u00f3fugos de la c\u00e1rcel de Sierra<\/p>\n","protected":false},"author":4,"featured_media":86153,"comment_status":"closed","ping_status":"closed","sticky":false,"template":"","format":"standard","meta":{"_jetpack_memberships_contains_paid_content":false,"footnotes":""},"categories":[14,1],"tags":[],"class_list":["post-86152","post","type-post","status-publish","format-standard","has-post-thumbnail","hentry","category-policiales","category-portada"],"jetpack_featured_media_url":"https:\/\/i0.wp.com\/cdnoticias.com\/wp-content\/uploads\/2023\/05\/evadidos-unidad-27-SOSA-MAZURIK-CRISTIAN-SANCHEZ-HONORES-MATIAS-JOAQUIN.jpg?fit=1000%2C556&ssl=1","jetpack_sharing_enabled":true,"_links":{"self":[{"href":"https:\/\/cdnoticias.com\/index.php\/wp-json\/wp\/v2\/posts\/86152","targetHints":{"allow":["GET"]}}],"collection":[{"href":"https:\/\/cdnoticias.com\/index.php\/wp-json\/wp\/v2\/posts"}],"about":[{"href":"https:\/\/cdnoticias.com\/index.php\/wp-json\/wp\/v2\/types\/post"}],"author":[{"embeddable":true,"href":"https:\/\/cdnoticias.com\/index.php\/wp-json\/wp\/v2\/users\/4"}],"replies":[{"embeddable":true,"href":"https:\/\/cdnoticias.com\/index.php\/wp-json\/wp\/v2\/comments?post=86152"}],"version-history":[{"count":0,"href":"https:\/\/cdnoticias.com\/index.php\/wp-json\/wp\/v2\/posts\/86152\/revisions"}],"wp:featuredmedia":[{"embeddable":true,"href":"https:\/\/cdnoticias.com\/index.php\/wp-json\/wp\/v2\/media\/86153"}],"wp:attachment":[{"href":"https:\/\/cdnoticias.com\/index.php\/wp-json\/wp\/v2\/media?parent=86152"}],"wp:term":[{"taxonomy":"category","embeddable":true,"href":"https:\/\/cdnoticias.com\/index.php\/wp-json\/wp\/v2\/categories?post=86152"},{"taxonomy":"post_tag","embeddable":true,"href":"https:\/\/cdnoticias.com\/index.php\/wp-json\/wp\/v2\/tags?post=86152"}],"curies":[{"name":"wp","href":"https:\/\/api.w.org\/{rel}","templated":true}]}}