{"id":86109,"date":"2023-05-25T19:11:50","date_gmt":"2023-05-25T22:11:50","guid":{"rendered":"https:\/\/www.centraldenoticias.com.ar\/?p=86109"},"modified":"2023-05-25T19:11:50","modified_gmt":"2023-05-25T22:11:50","slug":"la-actividad-economica-crecio-un-13-interanual-en-marzo","status":"publish","type":"post","link":"https:\/\/cdnoticias.com\/index.php\/2023\/05\/25\/la-actividad-economica-crecio-un-13-interanual-en-marzo\/","title":{"rendered":"La actividad econ\u00f3mica creci\u00f3 un 1,3% interanual en marzo"},"content":{"rendered":"<p>As\u00ed fue detallado por el Instituto Nacional de Estad\u00edstica y Censos (Indec). Unos 12 sectores registraron subas.<!--more--><\/p>\n<hr \/>\n<p>El Instituto Nacional de Estad\u00edstica y Censos (Indec) inform\u00f3 que<strong> la actividad econ\u00f3mica creci\u00f3 en marzo de 2023 un 1,3% interanual<\/strong> y 0,1% respecto de febrero (sin estacionalidad).<\/p>\n<p>&nbsp;<\/p>\n<p>Los datos se desprenden del \u201cEstimador mensual de actividad econ\u00f3mica\u201d (EMAE). Con los n\u00fameros actualizados, <strong>el primer trimestre de 2023 present\u00f3 un crecimiento del 1,5% contra el primer trimestre del 2022.<\/strong> <strong>Se trata del mejor primer trimestre desde 2018.<\/strong><\/p>\n<p>&nbsp;<\/p>\n<p>El Indec detall\u00f3 que 12 de los 16 sectores medidos por el EMAE \u201cregistraron subas en marzo, entre los que<strong> se destacan Electricidad, gas y agua<\/strong> (+13,6% interanual) y<strong> Explotaci\u00f3n de minas y canteras<\/strong> (+12,1% interanual)\u201d.<\/p>\n<p>&nbsp;<\/p>\n<p>En tanto, \u201cel sector Industria manufacturera (+3,1% interanual) fue el de mayor incidencia positiva en la variaci\u00f3n interanual del EMAE, seguido por Comercio mayorista, minorista y reparaciones (+3,6% interanual)\u201d.<\/p>\n<p>&nbsp;<\/p>\n<p>Adem\u00e1s, 11 actividades econ\u00f3micas tuvieron expansiones mensuales: industria (+1,7%), comercio (+1,9%) e intermediaci\u00f3n financiera (+3%).<\/p>\n<p>&nbsp;<\/p>\n<p>Por su parte, <strong>cuatro sectores de actividad registraron ca\u00eddas<\/strong> en la comparaci\u00f3n interanual. En un marco cr\u00edtico por la sequ\u00eda que afecta al pa\u00eds, <strong>el agro marc\u00f3 el descenso m\u00e1s grande<\/strong> (del 12% interanual), con una incidencia negativa de 1 punto porcentual en la actividad.<\/p>\n<p>&nbsp;<\/p>\n<p><em>Fuente: DIB\u00a0<\/em><\/p>\n","protected":false},"excerpt":{"rendered":"<p>As\u00ed fue detallado por el Instituto Nacional de Estad\u00edstica y Censos (Indec). Unos 12 sectores registraron subas.<\/p>\n","protected":false},"author":6,"featured_media":27330,"comment_status":"closed","ping_status":"closed","sticky":false,"template":"","format":"standard","meta":{"_jetpack_memberships_contains_paid_content":false,"footnotes":""},"categories":[6,1],"tags":[],"class_list":["post-86109","post","type-post","status-publish","format-standard","has-post-thumbnail","hentry","category-nacionales","category-portada"],"jetpack_featured_media_url":"https:\/\/i0.wp.com\/cdnoticias.com\/wp-content\/uploads\/2021\/07\/DIB-economia-industria-1-696x392.jpg?fit=696%2C392&ssl=1","jetpack_sharing_enabled":true,"_links":{"self":[{"href":"https:\/\/cdnoticias.com\/index.php\/wp-json\/wp\/v2\/posts\/86109","targetHints":{"allow":["GET"]}}],"collection":[{"href":"https:\/\/cdnoticias.com\/index.php\/wp-json\/wp\/v2\/posts"}],"about":[{"href":"https:\/\/cdnoticias.com\/index.php\/wp-json\/wp\/v2\/types\/post"}],"author":[{"embeddable":true,"href":"https:\/\/cdnoticias.com\/index.php\/wp-json\/wp\/v2\/users\/6"}],"replies":[{"embeddable":true,"href":"https:\/\/cdnoticias.com\/index.php\/wp-json\/wp\/v2\/comments?post=86109"}],"version-history":[{"count":0,"href":"https:\/\/cdnoticias.com\/index.php\/wp-json\/wp\/v2\/posts\/86109\/revisions"}],"wp:featuredmedia":[{"embeddable":true,"href":"https:\/\/cdnoticias.com\/index.php\/wp-json\/wp\/v2\/media\/27330"}],"wp:attachment":[{"href":"https:\/\/cdnoticias.com\/index.php\/wp-json\/wp\/v2\/media?parent=86109"}],"wp:term":[{"taxonomy":"category","embeddable":true,"href":"https:\/\/cdnoticias.com\/index.php\/wp-json\/wp\/v2\/categories?post=86109"},{"taxonomy":"post_tag","embeddable":true,"href":"https:\/\/cdnoticias.com\/index.php\/wp-json\/wp\/v2\/tags?post=86109"}],"curies":[{"name":"wp","href":"https:\/\/api.w.org\/{rel}","templated":true}]}}