{"id":86083,"date":"2023-05-26T16:48:33","date_gmt":"2023-05-26T19:48:33","guid":{"rendered":"https:\/\/www.centraldenoticias.com.ar\/?p=86083"},"modified":"2023-05-26T19:22:36","modified_gmt":"2023-05-26T22:22:36","slug":"rendicion-de-cuentas-krivochen-convoco-a-sesion-especial-del-hcd","status":"publish","type":"post","link":"https:\/\/cdnoticias.com\/index.php\/2023\/05\/26\/rendicion-de-cuentas-krivochen-convoco-a-sesion-especial-del-hcd\/","title":{"rendered":"Rendici\u00f3n de Cuentas: Krivochen convoc\u00f3 a sesi\u00f3n especial del HCD"},"content":{"rendered":"<p>Ser\u00e1 el pr\u00f3ximo mi\u00e9rcoles 31 de mayo desde las 9 horas en el sal\u00f3n de la Sociedad Espa\u00f1ola. Al cierre se realizar\u00e1 la sesi\u00f3n ordinaria que debi\u00f3 realizarse el jueves 25. <!--more--><\/p>\n<hr \/>\n<p>La presidenta del Concejo Deliberante de Olavarr\u00eda, <strong>Cecilia Krivochen convoc\u00f3 a Sesi\u00f3n Especial para tratar la Rendici\u00f3n de Cuentas 2022.<\/strong><\/p>\n<p>&nbsp;<\/p>\n<p>Este martes, Krivochen firm\u00f3 el Decreto que establece que la misma tendr\u00e1 lugar el pr\u00f3ximo <strong>mi\u00e9rcoles 31 de mayo desde las 9 horas<\/strong> en el sal\u00f3n de la Sociedad Espa\u00f1ola.<\/p>\n<p>&nbsp;<\/p>\n<p>La convocatoria a Sesi\u00f3n Especial est\u00e1 enmarcada en lo establecido en la <strong>Ley Org\u00e1nica de las Municipalidades y la Ley Provincial 13.963.<\/strong> La fecha fue acordada en la \u00faltima reuni\u00f3n de la Comisi\u00f3n de Labor Parlamentaria y ratificada por los concejales que integran la comisi\u00f3n de Hacienda del HCD.<\/p>\n<p>&nbsp;<\/p>\n<p>Por otro lado, la presidenta del HCD firm\u00f3 un segundo Decreto donde se dispone el <strong>corrimiento de la sexta sesi\u00f3n ordinaria que se iba a desarrollar este jueves 25 de mayo.<\/strong> Finamente, tendr\u00e1 lugar el <strong>mi\u00e9rcoles 31<\/strong> al finalizar la sesi\u00f3n especial.<\/p>\n","protected":false},"excerpt":{"rendered":"<p>Ser\u00e1 el pr\u00f3ximo mi\u00e9rcoles 31 de mayo desde las 9 horas en el sal\u00f3n de la Sociedad Espa\u00f1ola. Al cierre<\/p>\n","protected":false},"author":6,"featured_media":86084,"comment_status":"closed","ping_status":"closed","sticky":false,"template":"","format":"standard","meta":{"_jetpack_memberships_contains_paid_content":false,"footnotes":""},"categories":[4,1],"tags":[],"class_list":["post-86083","post","type-post","status-publish","format-standard","has-post-thumbnail","hentry","category-politica","category-portada"],"jetpack_featured_media_url":"https:\/\/i0.wp.com\/cdnoticias.com\/wp-content\/uploads\/2023\/05\/CeciliaKrivochen.jpeg?fit=1600%2C1066&ssl=1","jetpack_sharing_enabled":true,"_links":{"self":[{"href":"https:\/\/cdnoticias.com\/index.php\/wp-json\/wp\/v2\/posts\/86083","targetHints":{"allow":["GET"]}}],"collection":[{"href":"https:\/\/cdnoticias.com\/index.php\/wp-json\/wp\/v2\/posts"}],"about":[{"href":"https:\/\/cdnoticias.com\/index.php\/wp-json\/wp\/v2\/types\/post"}],"author":[{"embeddable":true,"href":"https:\/\/cdnoticias.com\/index.php\/wp-json\/wp\/v2\/users\/6"}],"replies":[{"embeddable":true,"href":"https:\/\/cdnoticias.com\/index.php\/wp-json\/wp\/v2\/comments?post=86083"}],"version-history":[{"count":0,"href":"https:\/\/cdnoticias.com\/index.php\/wp-json\/wp\/v2\/posts\/86083\/revisions"}],"wp:featuredmedia":[{"embeddable":true,"href":"https:\/\/cdnoticias.com\/index.php\/wp-json\/wp\/v2\/media\/86084"}],"wp:attachment":[{"href":"https:\/\/cdnoticias.com\/index.php\/wp-json\/wp\/v2\/media?parent=86083"}],"wp:term":[{"taxonomy":"category","embeddable":true,"href":"https:\/\/cdnoticias.com\/index.php\/wp-json\/wp\/v2\/categories?post=86083"},{"taxonomy":"post_tag","embeddable":true,"href":"https:\/\/cdnoticias.com\/index.php\/wp-json\/wp\/v2\/tags?post=86083"}],"curies":[{"name":"wp","href":"https:\/\/api.w.org\/{rel}","templated":true}]}}