{"id":85991,"date":"2023-05-24T09:45:54","date_gmt":"2023-05-24T12:45:54","guid":{"rendered":"https:\/\/www.centraldenoticias.com.ar\/?p=85991"},"modified":"2023-05-24T12:00:29","modified_gmt":"2023-05-24T15:00:29","slug":"procrear-ii-se-encuentra-abierta-la-inscripcion-para-13-lotes-en-barrio-pickelado","status":"publish","type":"post","link":"https:\/\/cdnoticias.com\/index.php\/2023\/05\/24\/procrear-ii-se-encuentra-abierta-la-inscripcion-para-13-lotes-en-barrio-pickelado\/","title":{"rendered":"Procrear II: se encuentra abierta la inscripci\u00f3n para 13 lotes en barrio Pickelado"},"content":{"rendered":"<p>Son 6 lotes disponibles para la l\u00ednea Destino Joven y 7 para la Inscripci\u00f3n General. Las caracter\u00edsticas del programa y las condiciones de financiaci\u00f3n. <!--more--><\/p>\n<hr \/>\n<p>Se encuentra abierta la inscripci\u00f3n para acceder a la compra de un terreno propio a trav\u00e9s de la l\u00ednea <strong>\u201cLotes con Servicios de Procrear II\u201d.<\/strong><\/p>\n<p>&nbsp;<\/p>\n<p>Se trata de <strong>13 lotes en el barrio Pickelado<\/strong>, 6 lotes disponibles para la l\u00ednea J\u00f3venes y 7 para la l\u00ednea General.<\/p>\n<p>&nbsp;<\/p>\n<p>El titular de Anses, <strong>Maximiliano Wesner<\/strong> resalt\u00f3 en redes sociales que \u201csi ten\u00e9s entre 18 y 35 a\u00f1os deber\u00e1s anotarte en la modalidad Destino Joven, si sos mayor de 36 a\u00f1os anotate en Inscripci\u00f3n General\u201d.<\/p>\n<p>&nbsp;<\/p>\n<blockquote class=\"twitter-tweet\" data-width=\"550\" data-dnt=\"true\">\n<p lang=\"es\" dir=\"ltr\">\ud83d\udcccSi ten\u00e9s entre 18 y 35 a\u00f1os deber\u00e1s anotarte en la modalidad Destino Joven, si sos mayor de 36 a\u00f1os anotate en Inscripci\u00f3n General.<\/p>\n<p>\ud83d\udd17<a href=\"https:\/\/t.co\/NoUV310W9l\">https:\/\/t.co\/NoUV310W9l<\/a><\/p>\n<p>&mdash; Maximiliano Wesner (@MaximilianoWes4) <a href=\"https:\/\/twitter.com\/MaximilianoWes4\/status\/1661112339536420888?ref_src=twsrc%5Etfw\">May 23, 2023<\/a><\/p><\/blockquote>\n<p><script async src=\"https:\/\/platform.twitter.com\/widgets.js\" charset=\"utf-8\"><\/script><\/p>\n<p>&nbsp;<\/p>\n<p>La inscripci\u00f3n se realiza a trav\u00e9s de la p\u00e1gina oficial del programa <a href=\"https:\/\/www.argentina.gob.ar\/habitat\/procrear\/lotesconservicios\" target=\"_blank\" rel=\"noopener\">(click aqu\u00ed).<\/a><\/p>\n<p>&nbsp;<\/p>\n<p><img data-recalc-dims=\"1\" loading=\"lazy\" decoding=\"async\" class=\"aligncenter size-full wp-image-85992\" src=\"https:\/\/i0.wp.com\/cdnoticias.com\/wp-content\/uploads\/2023\/05\/procrear-01.jpeg?resize=680%2C680&#038;ssl=1\" alt=\"\" width=\"680\" height=\"680\" srcset=\"https:\/\/i0.wp.com\/cdnoticias.com\/wp-content\/uploads\/2023\/05\/procrear-01.jpeg?w=680&amp;ssl=1 680w, https:\/\/i0.wp.com\/cdnoticias.com\/wp-content\/uploads\/2023\/05\/procrear-01.jpeg?resize=300%2C300&amp;ssl=1 300w, https:\/\/i0.wp.com\/cdnoticias.com\/wp-content\/uploads\/2023\/05\/procrear-01.jpeg?resize=150%2C150&amp;ssl=1 150w\" sizes=\"auto, (max-width: 680px) 100vw, 680px\" \/><\/p>\n<p>&nbsp;<\/p>\n<p><strong>El programa y las condiciones de financiaci\u00f3n<\/strong><\/p>\n<p>&nbsp;<\/p>\n<p>Esta nueva operatoria contempla exclusivamente el acceso al cr\u00e9dito para adquirir lotes con servicios del Programa Procrear. El Monto de la Financiaci\u00f3n ser\u00e1 de $3.000.000,00 -pesos tres millones- por lote. La amortizaci\u00f3n del cr\u00e9dito tendr\u00e1 dos etapas.<\/p>\n<p>&nbsp;<\/p>\n<p>Durante los primeros seis meses del cr\u00e9dito, el pago ser\u00e1 de un porcentaje del precio del loteen cuotas fijas en pesos. El porcentaje puede variar entre el 6 y el 25% del valor total, seg\u00fan el TRAMO al que pertenezca el beneficiario (ingresos de los solicitantes y c\u00f3nyuges o pareja convivientes).<\/p>\n<p>&nbsp;<\/p>\n<p>El saldo restante del cr\u00e9dito ser\u00e1 otorgado en pesos, a tasa 0% mediante ajuste de capital por coeficiente Casa Propia. La cantidad de cuotas pendientes var\u00eda entre 125 y 360, seg\u00fan el tramo al que pertenezca el beneficiario.<\/p>\n","protected":false},"excerpt":{"rendered":"<p>Son 6 lotes disponibles para la l\u00ednea Destino Joven y 7 para la Inscripci\u00f3n General. Las caracter\u00edsticas del programa y<\/p>\n","protected":false},"author":5,"featured_media":85993,"comment_status":"closed","ping_status":"closed","sticky":false,"template":"","format":"standard","meta":{"_jetpack_memberships_contains_paid_content":false,"footnotes":""},"categories":[5,1],"tags":[],"class_list":["post-85991","post","type-post","status-publish","format-standard","has-post-thumbnail","hentry","category-informacion-general","category-portada"],"jetpack_featured_media_url":"https:\/\/i0.wp.com\/cdnoticias.com\/wp-content\/uploads\/2023\/05\/olavarriaweb-scaled.jpg?fit=2560%2C1536&ssl=1","jetpack_sharing_enabled":true,"_links":{"self":[{"href":"https:\/\/cdnoticias.com\/index.php\/wp-json\/wp\/v2\/posts\/85991","targetHints":{"allow":["GET"]}}],"collection":[{"href":"https:\/\/cdnoticias.com\/index.php\/wp-json\/wp\/v2\/posts"}],"about":[{"href":"https:\/\/cdnoticias.com\/index.php\/wp-json\/wp\/v2\/types\/post"}],"author":[{"embeddable":true,"href":"https:\/\/cdnoticias.com\/index.php\/wp-json\/wp\/v2\/users\/5"}],"replies":[{"embeddable":true,"href":"https:\/\/cdnoticias.com\/index.php\/wp-json\/wp\/v2\/comments?post=85991"}],"version-history":[{"count":0,"href":"https:\/\/cdnoticias.com\/index.php\/wp-json\/wp\/v2\/posts\/85991\/revisions"}],"wp:featuredmedia":[{"embeddable":true,"href":"https:\/\/cdnoticias.com\/index.php\/wp-json\/wp\/v2\/media\/85993"}],"wp:attachment":[{"href":"https:\/\/cdnoticias.com\/index.php\/wp-json\/wp\/v2\/media?parent=85991"}],"wp:term":[{"taxonomy":"category","embeddable":true,"href":"https:\/\/cdnoticias.com\/index.php\/wp-json\/wp\/v2\/categories?post=85991"},{"taxonomy":"post_tag","embeddable":true,"href":"https:\/\/cdnoticias.com\/index.php\/wp-json\/wp\/v2\/tags?post=85991"}],"curies":[{"name":"wp","href":"https:\/\/api.w.org\/{rel}","templated":true}]}}