{"id":85986,"date":"2023-05-24T08:32:35","date_gmt":"2023-05-24T11:32:35","guid":{"rendered":"https:\/\/www.centraldenoticias.com.ar\/?p=85986"},"modified":"2023-05-24T08:32:35","modified_gmt":"2023-05-24T11:32:35","slug":"proyeccion-de-juan-moreira-a-50-anos-de-su-estreno","status":"publish","type":"post","link":"https:\/\/cdnoticias.com\/index.php\/2023\/05\/24\/proyeccion-de-juan-moreira-a-50-anos-de-su-estreno\/","title":{"rendered":"Proyecci\u00f3n de \u201cJuan Moreira\u201d a 50 a\u00f1os de su estreno"},"content":{"rendered":"<p>Ser\u00e1 este mi\u00e9rcoles desde las 19.30 en el Ateneo N\u00e9stor Kirchner. La presentaci\u00f3n se hace en el marco del D\u00eda del Cine Nacional.<\/p>\n<p><!--more--><\/p>\n<hr \/>\n<p><strong>Este mi\u00e9rcoles<\/strong>, para celebrar los 50 a\u00f1os de su estreno, <strong>se proyectar\u00e1 el cl\u00e1sico del cine argentino \u201cJuan Moreira\u201d de Leonardo Favio<\/strong>.<\/p>\n<p>&nbsp;<\/p>\n<p>La funci\u00f3n ser\u00e1 a las 19:30. La actividad se desarrolla tambi\u00e9n en el marco del <strong>D\u00eda del Cine Nacional<\/strong>, que se conmemor\u00f3 este martes 23 de mayo.<\/p>\n<p>&nbsp;<\/p>\n<p>La <strong>entrada es libre y gratuita<\/strong>. La funci\u00f3n ser\u00e1 en el Ateneo Olavarr\u00eda, ubicado en Pringles 3968.<\/p>\n<p>&nbsp;<\/p>\n","protected":false},"excerpt":{"rendered":"<p>Ser\u00e1 este mi\u00e9rcoles desde las 19.30 en el Ateneo N\u00e9stor Kirchner. La presentaci\u00f3n se hace en el marco del D\u00eda<\/p>\n","protected":false},"author":4,"featured_media":85987,"comment_status":"closed","ping_status":"closed","sticky":false,"template":"","format":"standard","meta":{"_jetpack_memberships_contains_paid_content":false,"footnotes":""},"categories":[9,1],"tags":[],"class_list":["post-85986","post","type-post","status-publish","format-standard","has-post-thumbnail","hentry","category-cultura","category-portada"],"jetpack_featured_media_url":"https:\/\/i0.wp.com\/cdnoticias.com\/wp-content\/uploads\/2023\/05\/cine-moreira-00.jpg?fit=800%2C445&ssl=1","jetpack_sharing_enabled":true,"_links":{"self":[{"href":"https:\/\/cdnoticias.com\/index.php\/wp-json\/wp\/v2\/posts\/85986","targetHints":{"allow":["GET"]}}],"collection":[{"href":"https:\/\/cdnoticias.com\/index.php\/wp-json\/wp\/v2\/posts"}],"about":[{"href":"https:\/\/cdnoticias.com\/index.php\/wp-json\/wp\/v2\/types\/post"}],"author":[{"embeddable":true,"href":"https:\/\/cdnoticias.com\/index.php\/wp-json\/wp\/v2\/users\/4"}],"replies":[{"embeddable":true,"href":"https:\/\/cdnoticias.com\/index.php\/wp-json\/wp\/v2\/comments?post=85986"}],"version-history":[{"count":0,"href":"https:\/\/cdnoticias.com\/index.php\/wp-json\/wp\/v2\/posts\/85986\/revisions"}],"wp:featuredmedia":[{"embeddable":true,"href":"https:\/\/cdnoticias.com\/index.php\/wp-json\/wp\/v2\/media\/85987"}],"wp:attachment":[{"href":"https:\/\/cdnoticias.com\/index.php\/wp-json\/wp\/v2\/media?parent=85986"}],"wp:term":[{"taxonomy":"category","embeddable":true,"href":"https:\/\/cdnoticias.com\/index.php\/wp-json\/wp\/v2\/categories?post=85986"},{"taxonomy":"post_tag","embeddable":true,"href":"https:\/\/cdnoticias.com\/index.php\/wp-json\/wp\/v2\/tags?post=85986"}],"curies":[{"name":"wp","href":"https:\/\/api.w.org\/{rel}","templated":true}]}}