{"id":85959,"date":"2023-05-23T19:33:49","date_gmt":"2023-05-23T22:33:49","guid":{"rendered":"https:\/\/www.centraldenoticias.com.ar\/?p=85959"},"modified":"2023-05-24T09:46:05","modified_gmt":"2023-05-24T12:46:05","slug":"sierras-bayas-abrazo-a-la-primera-fabrica-de-cemento-del-pais","status":"publish","type":"post","link":"https:\/\/cdnoticias.com\/index.php\/2023\/05\/23\/sierras-bayas-abrazo-a-la-primera-fabrica-de-cemento-del-pais\/","title":{"rendered":"Sierras Bayas: Abrazo a la primera f\u00e1brica de cemento del pa\u00eds"},"content":{"rendered":"<p>Ser\u00e1 el domingo 28 de mayo a partir de las 15:30 en las inmediaciones de la &#8220;Chaper\u00eda&#8221;. La iniciativa surge de un grupo de vecinos autoconvocados que adem\u00e1s solicitar\u00e1n que sea declarada Monumento Hist\u00f3rico Nacional. <!--more--><\/p>\n<hr \/>\n<p>El pr\u00f3ximo <strong>domingo 28 de mayo a partir de las 15:30<\/strong> se realizar\u00e1 un <strong>abrazo a la primera f\u00e1brica de cemento Portland del pa\u00eds<\/strong>, en <strong>Sierras Bayas,<\/strong> espec\u00edficamente en las inmediaciones de la &#8220;Chaper\u00eda&#8221;.<\/p>\n<p>&nbsp;<\/p>\n<p>La iniciativa surge de un <strong>grupo de vecinos autoconvocados<\/strong> que adem\u00e1s solicitar\u00e1n que sea<strong> declarada Monumento Hist\u00f3rico Nacional.<\/strong> Se invita a participar a toda la comunidad de Sierras Bayas, de la ciudad de Olavarr\u00eda y de las localidades cercanas.<\/p>\n<p>&nbsp;<\/p>\n<p>La Compa\u00f1\u00eda Argentina de Cemento Portland cre\u00f3 la Industria Cementera en Argentina en 1919. Adem\u00e1s, la F\u00e1brica de Cemento de Sierras Bayas es un patrimonio hist\u00f3rico cultural del Partido de Olavarr\u00eda.<\/p>\n<p>&nbsp;<\/p>\n<p><img data-recalc-dims=\"1\" loading=\"lazy\" decoding=\"async\" class=\"aligncenter wp-image-85960 size-full\" src=\"https:\/\/i0.wp.com\/cdnoticias.com\/wp-content\/uploads\/2023\/05\/100-Anos-Primer-Despacho-Cemento-2-1024x651-1.jpg?resize=800%2C509&#038;ssl=1\" alt=\"\" width=\"800\" height=\"509\" srcset=\"https:\/\/i0.wp.com\/cdnoticias.com\/wp-content\/uploads\/2023\/05\/100-Anos-Primer-Despacho-Cemento-2-1024x651-1.jpg?w=1024&amp;ssl=1 1024w, https:\/\/i0.wp.com\/cdnoticias.com\/wp-content\/uploads\/2023\/05\/100-Anos-Primer-Despacho-Cemento-2-1024x651-1.jpg?resize=300%2C191&amp;ssl=1 300w, https:\/\/i0.wp.com\/cdnoticias.com\/wp-content\/uploads\/2023\/05\/100-Anos-Primer-Despacho-Cemento-2-1024x651-1.jpg?resize=768%2C488&amp;ssl=1 768w\" sizes=\"auto, (max-width: 800px) 100vw, 800px\" \/><\/p>\n<p>&nbsp;<\/p>\n<p><em><strong>&#8220;Cada espacio y vestigio industrial de nuestra historia debe reconocerse como patrimonio cultural de la comunidad, y resignificarse bajo otras formas. Con su apoyo, y presencia el domingo queremos demostrar el valor, el significado de la f\u00e1brica en la comunidad, para que la firma Loma Negra CIASA la preserve y se generen nuevos proyectos. Adem\u00e1s, solicitaremos sea declarada Monumento Hist\u00f3rico Nacional&#8221;<\/strong> <\/em>expresaron los vecinos.<\/p>\n<p>&nbsp;<\/p>\n<p>Por \u00faltimo, detallaron que en el acto se realizar\u00e1 la lectura del texto presentado en el HCD, la entonaci\u00f3n del Himno Argentino y el abrazo al per\u00edmetro de la f\u00e1brica.<\/p>\n<p>&nbsp;<\/p>\n","protected":false},"excerpt":{"rendered":"<p>Ser\u00e1 el domingo 28 de mayo a partir de las 15:30 en las inmediaciones de la &#8220;Chaper\u00eda&#8221;. La iniciativa surge<\/p>\n","protected":false},"author":6,"featured_media":85971,"comment_status":"closed","ping_status":"closed","sticky":false,"template":"","format":"standard","meta":{"_jetpack_memberships_contains_paid_content":false,"footnotes":""},"categories":[5,1],"tags":[],"class_list":["post-85959","post","type-post","status-publish","format-standard","has-post-thumbnail","hentry","category-informacion-general","category-portada"],"jetpack_featured_media_url":"https:\/\/i0.wp.com\/cdnoticias.com\/wp-content\/uploads\/2023\/05\/WhatsApp-Image-2023-05-23-at-19.28.54.jpeg?fit=1280%2C960&ssl=1","jetpack_sharing_enabled":true,"_links":{"self":[{"href":"https:\/\/cdnoticias.com\/index.php\/wp-json\/wp\/v2\/posts\/85959","targetHints":{"allow":["GET"]}}],"collection":[{"href":"https:\/\/cdnoticias.com\/index.php\/wp-json\/wp\/v2\/posts"}],"about":[{"href":"https:\/\/cdnoticias.com\/index.php\/wp-json\/wp\/v2\/types\/post"}],"author":[{"embeddable":true,"href":"https:\/\/cdnoticias.com\/index.php\/wp-json\/wp\/v2\/users\/6"}],"replies":[{"embeddable":true,"href":"https:\/\/cdnoticias.com\/index.php\/wp-json\/wp\/v2\/comments?post=85959"}],"version-history":[{"count":0,"href":"https:\/\/cdnoticias.com\/index.php\/wp-json\/wp\/v2\/posts\/85959\/revisions"}],"wp:featuredmedia":[{"embeddable":true,"href":"https:\/\/cdnoticias.com\/index.php\/wp-json\/wp\/v2\/media\/85971"}],"wp:attachment":[{"href":"https:\/\/cdnoticias.com\/index.php\/wp-json\/wp\/v2\/media?parent=85959"}],"wp:term":[{"taxonomy":"category","embeddable":true,"href":"https:\/\/cdnoticias.com\/index.php\/wp-json\/wp\/v2\/categories?post=85959"},{"taxonomy":"post_tag","embeddable":true,"href":"https:\/\/cdnoticias.com\/index.php\/wp-json\/wp\/v2\/tags?post=85959"}],"curies":[{"name":"wp","href":"https:\/\/api.w.org\/{rel}","templated":true}]}}