{"id":85950,"date":"2023-05-24T08:15:33","date_gmt":"2023-05-24T11:15:33","guid":{"rendered":"https:\/\/www.centraldenoticias.com.ar\/?p=85950"},"modified":"2023-05-24T08:15:33","modified_gmt":"2023-05-24T11:15:33","slug":"aniversario-de-la-revolucion-de-mayo-actividades-protocolares","status":"publish","type":"post","link":"https:\/\/cdnoticias.com\/index.php\/2023\/05\/24\/aniversario-de-la-revolucion-de-mayo-actividades-protocolares\/","title":{"rendered":"Aniversario de la Revoluci\u00f3n de Mayo: actividades protocolares"},"content":{"rendered":"<p>La jornada se llevar\u00e1 a cabo en la localidad de Loma Negra. Conoc\u00e9 el cronograma completo que comenzar\u00e1 a las 8.45 de este jueves. <!--more--><\/p>\n<hr \/>\n<p>Este<strong> jueves 25 de mayo<\/strong> se celebrar\u00e1 el <strong>213\u00ba Aniversario de la Revoluci\u00f3n de Mayo<\/strong>. En este marco, la Municipalidad de Olavarr\u00eda a trav\u00e9s de la Direcci\u00f3n de Ceremonial y Protocolo, inform\u00f3 el cronograma completo de actividades para conmemorar esta fecha patria.<\/p>\n<p>&nbsp;<\/p>\n<p>La jornada se llevar\u00e1 a cabo en la <strong>localidad de Loma Negra<\/strong>. Dar\u00e1 comienzo a las 8:45 horas con el izamiento de la bandera nacional en el m\u00e1stil ubicado en la <strong>Plaza Ex Combatientes de Malvinas.<\/strong> Mientras que a las 9:15 horas en la Parroquia Santa Elena, se llevar\u00e1 a cabo el tradicional Tedeum.<\/p>\n<p>&nbsp;<\/p>\n<p>Posteriormente dar\u00e1 inicio el<strong> tradicional desfile c\u00edvico \u2013 militar.<\/strong> De acuerdo al cronograma previsto por Ceremonial y Protocolo, a las 10:30 horas comenzar\u00e1 el evento, que se desarrollar\u00e1 en 25 de Mayo entre Hip\u00f3lito Yrigoyen y \u00c1lvaro Barros.<\/p>\n<p>&nbsp;<\/p>\n<p>Finalmente, a las 20:00 horas se llevar\u00e1 a cabo la <strong>velada de Gala en el Teatro Municipal<\/strong>. En esta ocasi\u00f3n, el Ballet Folkl\u00f3rico Municipal participar\u00e1, junto a m\u00fasicos invitados, con dos propuestas integrales de danza y m\u00fasica en vivo.<\/p>\n<p>&nbsp;<\/p>\n","protected":false},"excerpt":{"rendered":"<p>La jornada se llevar\u00e1 a cabo en la localidad de Loma Negra. Conoc\u00e9 el cronograma completo que comenzar\u00e1 a las<\/p>\n","protected":false},"author":6,"featured_media":85951,"comment_status":"closed","ping_status":"closed","sticky":false,"template":"","format":"standard","meta":{"_jetpack_memberships_contains_paid_content":false,"footnotes":""},"categories":[9,1],"tags":[],"class_list":["post-85950","post","type-post","status-publish","format-standard","has-post-thumbnail","hentry","category-cultura","category-portada"],"jetpack_featured_media_url":"https:\/\/i0.wp.com\/cdnoticias.com\/wp-content\/uploads\/2023\/05\/Desfile-25-de-Mayo-1024x682-1.jpg?fit=1024%2C682&ssl=1","jetpack_sharing_enabled":true,"_links":{"self":[{"href":"https:\/\/cdnoticias.com\/index.php\/wp-json\/wp\/v2\/posts\/85950","targetHints":{"allow":["GET"]}}],"collection":[{"href":"https:\/\/cdnoticias.com\/index.php\/wp-json\/wp\/v2\/posts"}],"about":[{"href":"https:\/\/cdnoticias.com\/index.php\/wp-json\/wp\/v2\/types\/post"}],"author":[{"embeddable":true,"href":"https:\/\/cdnoticias.com\/index.php\/wp-json\/wp\/v2\/users\/6"}],"replies":[{"embeddable":true,"href":"https:\/\/cdnoticias.com\/index.php\/wp-json\/wp\/v2\/comments?post=85950"}],"version-history":[{"count":0,"href":"https:\/\/cdnoticias.com\/index.php\/wp-json\/wp\/v2\/posts\/85950\/revisions"}],"wp:featuredmedia":[{"embeddable":true,"href":"https:\/\/cdnoticias.com\/index.php\/wp-json\/wp\/v2\/media\/85951"}],"wp:attachment":[{"href":"https:\/\/cdnoticias.com\/index.php\/wp-json\/wp\/v2\/media?parent=85950"}],"wp:term":[{"taxonomy":"category","embeddable":true,"href":"https:\/\/cdnoticias.com\/index.php\/wp-json\/wp\/v2\/categories?post=85950"},{"taxonomy":"post_tag","embeddable":true,"href":"https:\/\/cdnoticias.com\/index.php\/wp-json\/wp\/v2\/tags?post=85950"}],"curies":[{"name":"wp","href":"https:\/\/api.w.org\/{rel}","templated":true}]}}