{"id":85906,"date":"2023-05-23T10:25:47","date_gmt":"2023-05-23T13:25:47","guid":{"rendered":"https:\/\/www.centraldenoticias.com.ar\/?p=85906"},"modified":"2023-05-23T10:25:47","modified_gmt":"2023-05-23T13:25:47","slug":"en-plenario-de-diputados-se-inicio-el-debate-sobre-tareas-de-cuidado","status":"publish","type":"post","link":"https:\/\/cdnoticias.com\/index.php\/2023\/05\/23\/en-plenario-de-diputados-se-inicio-el-debate-sobre-tareas-de-cuidado\/","title":{"rendered":"En plenario de Diputados, se inici\u00f3 el debate sobre tareas de cuidado"},"content":{"rendered":"<p>Los distintos proyectos proponen la modificaci\u00f3n de los reg\u00edmenes de licencias maternales, paternales y parentales en general, con el objetivo de redistribuir los trabajos de cuidados.<\/p>\n<p><!--more--><\/p>\n<hr \/>\n<p>En un plenario de las <strong>Comisiones de Legislaci\u00f3n del Trabajo y de Mujeres y Diversidad<\/strong>, que presiden las diputadas Vanesa Siley (FdT) y M\u00f3nica Macha (FdT), respectivamente, comenz\u00f3 la discusi\u00f3n sobre <strong>tareas de cuidado<\/strong> donde se debatieron <strong>m\u00e1s de 40 proyectos de distintos bloques que modifican licencias laborales, entre otras cuestiones.\u00a0<\/strong><\/p>\n<p>&nbsp;<\/p>\n<p>En ese sentido, la<strong> presidenta de la Comisi\u00f3n de Trabajo, Vanesa Siley<\/strong> aclar\u00f3 que el debate ser\u00e1 en etapas, la <strong>propuesta del Poder Ejecutivo por el cual se crea el Sistema Integral de Pol\u00edticas de Cuidados de Argentina<\/strong> abarca muchos temas, implica modificar leyes actuales y crear nuevas.<em> \u201cHoy trataremos los proyectos de los diputados que refieren a licencias que tocan normativa existente\u201d<\/em>, explic\u00f3.<\/p>\n<p>&nbsp;<\/p>\n<blockquote><p>A su vez, consider\u00f3 que las \u201ctareas de cuidados son trabajo no reconocido que cargamos y portamos en soledad las mujeres y es algo sustancial para la humanidad, ya que todos recibimos cuidados en nuestra vida y cuidamos a otros que necesitan un cuidado particular\u201d. \u201cEs necesario regular las leyes laborales en funci\u00f3n de armonizar la vida privada con la vida productiva\u201d, agreg\u00f3.<\/p><\/blockquote>\n<p>&nbsp;<\/p>\n<p><iframe loading=\"lazy\" title=\"YouTube video player\" src=\"https:\/\/www.youtube.com\/embed\/MO7-IQKwLkI\" width=\"560\" height=\"315\" frameborder=\"0\" allowfullscreen=\"allowfullscreen\"><\/iframe><\/p>\n<p>&nbsp;<\/p>\n<p><strong>M\u00f3nica Macha, presidenta de la Comisi\u00f3n de Mujeres y Diversidad<\/strong>, manifest\u00f3 que <strong>\u201ctratamos la situaci\u00f3n de trabajadores en un contexto formal para en una pr\u00f3xima reuni\u00f3n abocarnos a las trabajadoras informales\u201d<\/strong>. \u201cEs un tema central de la Argentina que el feminismo y transfeminismo trae como agenda pol\u00edtica, social y cultural que, de alg\u00fan modo, mejorar las condiciones de trabajo va a mejorar las condiciones de cuidado\u201d.<\/p>\n<p>&nbsp;<\/p>\n<p>En tanto, la <strong>diputada de la izquierda Miryam Bregman<\/strong> realiz\u00f3 consideraciones generales. \u201cEs un debate mundial, en este sistema capitalista las tareas de reproducci\u00f3n social no son pagadas por los capitalistas\u201d, asever\u00f3. Y coment\u00f3 que Am\u00e9rica Latina \u201cviene atrasada\u201d con la tem\u00e1tica. <strong>\u201cEn Argentina estamos en mora, terminemos con este sistema de explotaci\u00f3n<\/strong>, donde se pueda pensar en una forma de organizaci\u00f3n de la sociedad distinta, en la que las tareas de cuidado sean socializadas, y no sean cargadas individualmente a las mujeres en el hogar\u201d, asegur\u00f3.<\/p>\n<p>&nbsp;<\/p>\n<p>La<strong> diputada de la UCR, Carla Carrizo<\/strong>, se refiri\u00f3 a que el tema atraves\u00f3 distintos gobiernos y<strong> \u201chace 18 a\u00f1os que se vienen presentados proyectos en este sentido\u201d<\/strong>.\u00a0\u201cCreemos que esta tiene que ser la oportunidad<strong> terminar con la profunda desigualdad entre las mujeres<\/strong>. Hoy hay mujeres dentro de la formalidad en donde hay enormes asimetr\u00edas, en el sector p\u00fablico, en el privado no somos iguales ante la ley y necesitamos tener un piso m\u00ednimo en un tema b\u00e1sico como es la igualdad en el derecho y la obligaci\u00f3n de cuidar\u201d.<\/p>\n<p>&nbsp;<\/p>\n<p>Por su parte, la<strong> diputada Camila Crescimbeni (PRO)<\/strong>, pidi\u00f3 que las licencias por embarazo se toman \u201cdesde 15 d\u00edas antes del parto\u201d. Y respecto a las <strong>licencias por muerte perinatal<\/strong> que la diputada sufri\u00f3 el a\u00f1o pasado e impulsa este proyecto, dijo que \u201ces evidente que 3 d\u00edas no sirven para ning\u00fan duelo. No tiene sentido si uno quiere que esa persona vuelva a trabajar y a trabajar en comunidad. Que se considere un tiempo en los casos de muerte perinatal. Es imprescindible\u201d, asegur\u00f3.<\/p>\n<p>&nbsp;<\/p>\n<p><img data-recalc-dims=\"1\" loading=\"lazy\" decoding=\"async\" class=\"size-full wp-image-85907 aligncenter\" src=\"https:\/\/i0.wp.com\/cdnoticias.com\/wp-content\/uploads\/2023\/05\/diputados-debate-tareas-de-cuidado-01.jpg?resize=800%2C445&#038;ssl=1\" alt=\"\" width=\"800\" height=\"445\" srcset=\"https:\/\/i0.wp.com\/cdnoticias.com\/wp-content\/uploads\/2023\/05\/diputados-debate-tareas-de-cuidado-01.jpg?w=800&amp;ssl=1 800w, https:\/\/i0.wp.com\/cdnoticias.com\/wp-content\/uploads\/2023\/05\/diputados-debate-tareas-de-cuidado-01.jpg?resize=300%2C167&amp;ssl=1 300w, https:\/\/i0.wp.com\/cdnoticias.com\/wp-content\/uploads\/2023\/05\/diputados-debate-tareas-de-cuidado-01.jpg?resize=768%2C427&amp;ssl=1 768w\" sizes=\"auto, (max-width: 800px) 100vw, 800px\" \/><\/p>\n<p>&nbsp;<\/p>\n<p>La <strong>diputada Karina Banfi (UCR)<\/strong> habl\u00f3 sobre las <strong>licencias por adopci\u00f3n<\/strong>. \u201cEs la posibilidad de reconocer los derechos que tienen los ni\u00f1os adoptados sobre la licencia de sus madres o padres, no gestantes o monoparentales, de poder contar con todo ese tiempo equiparable a la maternidad biol\u00f3gica\u201d.<\/p>\n<p>&nbsp;<\/p>\n<p>Desde el <strong>socialismo, la diputada M\u00f3nica Fein<\/strong>, asegur\u00f3 que \u201clas mujeres podemos dar cuenta de lo que significa cuidar a lo largo de la vida\u201d. <em>\u201cLa cantidad de proyectos que hay demuestra la importancia que tiene para cada una de nosotras\u201d<\/em>. Y, adem\u00e1s coment\u00f3 que present\u00f3<strong> proyectos de cuidados integrales<\/strong> y es \u201cuna oportunidad hablar de un sistema integral de cuidados. Poder reconocer que no hay igualdad de oportunidades para mujeres y varones sino tenemos un sistema integral federal de cuidados\u201d, reflexion\u00f3.<\/p>\n<p>&nbsp;<\/p>\n<p><strong>La Comisi\u00f3n analiz\u00f3 un total de 48 proyectos presentados<\/strong> por distintos bloques que establecen modificaciones a licencias para v\u00edctimas de violencia de g\u00e9nero; para la realizaci\u00f3n de estudios preventivos de C\u00e1ncer de Mama y C\u00e9rvico Uterino; para el acompa\u00f1amiento de personas en alto riesgo de suicidio; modificaciones a licencias parentales, paternales, maternales, por hijo con discapacidad; con fines de adopci\u00f3n y asignaciones especiales para las familias monoparentales, entre otras, que est\u00e1n enmarcadas en la Ley de Contrato de Trabajo, Ley de Asignaciones Familiares, Sistema Integrado Previsional Argentino, y otras leyes especiales.<\/p>\n<p>&nbsp;<\/p>\n","protected":false},"excerpt":{"rendered":"<p>Los distintos proyectos proponen la modificaci\u00f3n de los reg\u00edmenes de licencias maternales, paternales y parentales en general, con el objetivo<\/p>\n","protected":false},"author":4,"featured_media":85908,"comment_status":"closed","ping_status":"closed","sticky":false,"template":"","format":"standard","meta":{"_jetpack_memberships_contains_paid_content":false,"footnotes":""},"categories":[6,1],"tags":[],"class_list":["post-85906","post","type-post","status-publish","format-standard","has-post-thumbnail","hentry","category-nacionales","category-portada"],"jetpack_featured_media_url":"https:\/\/i0.wp.com\/cdnoticias.com\/wp-content\/uploads\/2023\/05\/diputados-debate-tareas-de-cuidado-00.jpg?fit=800%2C445&ssl=1","jetpack_sharing_enabled":true,"_links":{"self":[{"href":"https:\/\/cdnoticias.com\/index.php\/wp-json\/wp\/v2\/posts\/85906","targetHints":{"allow":["GET"]}}],"collection":[{"href":"https:\/\/cdnoticias.com\/index.php\/wp-json\/wp\/v2\/posts"}],"about":[{"href":"https:\/\/cdnoticias.com\/index.php\/wp-json\/wp\/v2\/types\/post"}],"author":[{"embeddable":true,"href":"https:\/\/cdnoticias.com\/index.php\/wp-json\/wp\/v2\/users\/4"}],"replies":[{"embeddable":true,"href":"https:\/\/cdnoticias.com\/index.php\/wp-json\/wp\/v2\/comments?post=85906"}],"version-history":[{"count":0,"href":"https:\/\/cdnoticias.com\/index.php\/wp-json\/wp\/v2\/posts\/85906\/revisions"}],"wp:featuredmedia":[{"embeddable":true,"href":"https:\/\/cdnoticias.com\/index.php\/wp-json\/wp\/v2\/media\/85908"}],"wp:attachment":[{"href":"https:\/\/cdnoticias.com\/index.php\/wp-json\/wp\/v2\/media?parent=85906"}],"wp:term":[{"taxonomy":"category","embeddable":true,"href":"https:\/\/cdnoticias.com\/index.php\/wp-json\/wp\/v2\/categories?post=85906"},{"taxonomy":"post_tag","embeddable":true,"href":"https:\/\/cdnoticias.com\/index.php\/wp-json\/wp\/v2\/tags?post=85906"}],"curies":[{"name":"wp","href":"https:\/\/api.w.org\/{rel}","templated":true}]}}