{"id":85893,"date":"2023-05-22T19:59:08","date_gmt":"2023-05-22T22:59:08","guid":{"rendered":"https:\/\/www.centraldenoticias.com.ar\/?p=85893"},"modified":"2023-05-22T20:45:07","modified_gmt":"2023-05-22T23:45:07","slug":"emiten-una-alerta-especial-por-niebla-para-olavarria-y-la-region","status":"publish","type":"post","link":"https:\/\/cdnoticias.com\/index.php\/2023\/05\/22\/emiten-una-alerta-especial-por-niebla-para-olavarria-y-la-region\/","title":{"rendered":"Emiten una alerta especial por niebla para Olavarr\u00eda y la regi\u00f3n"},"content":{"rendered":"<p>Se prev\u00e9 \u201cuna reducci\u00f3n significativa de la visiblidad\u201d. La Provincia tambi\u00e9n inform\u00f3 de este fen\u00f3meno que se dar\u00e1 el martes por la madrugada y ma\u00f1ana.<!--more--><\/p>\n<hr \/>\n<p>Este lunes, y tras 24 horas de lluvias en la ciudad y el distrito,<strong> el Servicio Meteorol\u00f3gico Nacional emiti\u00f3 un comunicado en el que alerta por importantes bancos de niebla para este martes por la madrugada y ma\u00f1ana en Olavarr\u00eda y la regi\u00f3n.<\/strong><\/p>\n<p>&nbsp;<\/p>\n<blockquote class=\"twitter-tweet\">\n<p dir=\"ltr\" lang=\"es\">\u26a0 SAT | ADVERTENCIAS <a href=\"https:\/\/twitter.com\/hashtag\/SiHayAlertaEstateAlerta?src=hash&amp;ref_src=twsrc%5Etfw\">#SiHayAlertaEstateAlerta<\/a><br \/>\nInformaci\u00f3n actualizada el 22 de mayo de 2023 a las 18:29 h<br \/>\n\ud83d\udc49M\u00e1s detalles en <a href=\"https:\/\/t.co\/CBijDeHqfE\">https:\/\/t.co\/CBijDeHqfE<\/a> <a href=\"https:\/\/t.co\/zax0xT6Vjo\">pic.twitter.com\/zax0xT6Vjo<\/a><\/p>\n<p>\u2014 SMN Alertas (@SMN_Alertas) <a href=\"https:\/\/twitter.com\/SMN_Alertas\/status\/1660762629663588352?ref_src=twsrc%5Etfw\">May 22, 2023<\/a><\/p><\/blockquote>\n<p><script async src=\"https:\/\/platform.twitter.com\/widgets.js\" charset=\"utf-8\"><\/script><\/p>\n<p>&nbsp;<\/p>\n<p><strong><em>\u201cSe esperan fen\u00f3menos que pueden representar inconvenientes o dificultades en el normal desenvolvimiento en la vida social\u201d<\/em><\/strong> indic\u00f3 el SMN teniendo en cuenta que la niebla bajar\u00e1 de forma muy significativa la visibilidad tanto en la ciudad como en las rutas.<\/p>\n<p>&nbsp;<\/p>\n<p><img data-recalc-dims=\"1\" loading=\"lazy\" decoding=\"async\" class=\"alignnone size-large wp-image-85894\" src=\"https:\/\/i0.wp.com\/cdnoticias.com\/wp-content\/uploads\/2023\/05\/WhatsApp-Image-2023-05-22-at-19.15.34-731x1024.jpeg?resize=731%2C1024&#038;ssl=1\" alt=\"\" width=\"731\" height=\"1024\" \/><\/p>\n<p>&nbsp;<\/p>\n<blockquote><p>Tal es as\u00ed, que la Provincia de Buenos Aires reforz\u00f3 la comunicaci\u00f3n de este fen\u00f3meno pidiendo tomar mayores precauciones durante todo el martes.<\/p><\/blockquote>\n<p>&nbsp;<\/p>\n<p>Con respecto al tiempo,<strong> se prev\u00e9 que contin\u00faen las lluvias aisladas tanto el martes durante todo el d\u00eda como as\u00ed tambi\u00e9n el mi\u00e9rcoles hasta el mediod\u00eda, con una mejora por la tarde pero con m\u00e1ximas que se asimilar\u00e1n m\u00e1s a estos tiempos oto\u00f1ales que corren: de 13 a 17 grados hasta el fin de semana.<\/strong><\/p>\n","protected":false},"excerpt":{"rendered":"<p>Se prev\u00e9 \u201cuna reducci\u00f3n significativa de la visiblidad\u201d. La Provincia tambi\u00e9n inform\u00f3 de este fen\u00f3meno que se dar\u00e1 el martes<\/p>\n","protected":false},"author":2,"featured_media":83413,"comment_status":"closed","ping_status":"closed","sticky":false,"template":"","format":"standard","meta":{"_jetpack_memberships_contains_paid_content":false,"footnotes":""},"categories":[5,1],"tags":[],"class_list":["post-85893","post","type-post","status-publish","format-standard","has-post-thumbnail","hentry","category-informacion-general","category-portada"],"jetpack_featured_media_url":"https:\/\/i0.wp.com\/cdnoticias.com\/wp-content\/uploads\/2023\/04\/niebla-tiempo-clima.jpg?fit=1200%2C668&ssl=1","jetpack_sharing_enabled":true,"_links":{"self":[{"href":"https:\/\/cdnoticias.com\/index.php\/wp-json\/wp\/v2\/posts\/85893","targetHints":{"allow":["GET"]}}],"collection":[{"href":"https:\/\/cdnoticias.com\/index.php\/wp-json\/wp\/v2\/posts"}],"about":[{"href":"https:\/\/cdnoticias.com\/index.php\/wp-json\/wp\/v2\/types\/post"}],"author":[{"embeddable":true,"href":"https:\/\/cdnoticias.com\/index.php\/wp-json\/wp\/v2\/users\/2"}],"replies":[{"embeddable":true,"href":"https:\/\/cdnoticias.com\/index.php\/wp-json\/wp\/v2\/comments?post=85893"}],"version-history":[{"count":0,"href":"https:\/\/cdnoticias.com\/index.php\/wp-json\/wp\/v2\/posts\/85893\/revisions"}],"wp:featuredmedia":[{"embeddable":true,"href":"https:\/\/cdnoticias.com\/index.php\/wp-json\/wp\/v2\/media\/83413"}],"wp:attachment":[{"href":"https:\/\/cdnoticias.com\/index.php\/wp-json\/wp\/v2\/media?parent=85893"}],"wp:term":[{"taxonomy":"category","embeddable":true,"href":"https:\/\/cdnoticias.com\/index.php\/wp-json\/wp\/v2\/categories?post=85893"},{"taxonomy":"post_tag","embeddable":true,"href":"https:\/\/cdnoticias.com\/index.php\/wp-json\/wp\/v2\/tags?post=85893"}],"curies":[{"name":"wp","href":"https:\/\/api.w.org\/{rel}","templated":true}]}}