{"id":85888,"date":"2023-05-22T20:00:02","date_gmt":"2023-05-22T23:00:02","guid":{"rendered":"https:\/\/www.centraldenoticias.com.ar\/?p=85888"},"modified":"2023-05-22T20:00:02","modified_gmt":"2023-05-22T23:00:02","slug":"ojos-en-alerta-realizo-charlas-en-escuelas-del-partido","status":"publish","type":"post","link":"https:\/\/cdnoticias.com\/index.php\/2023\/05\/22\/ojos-en-alerta-realizo-charlas-en-escuelas-del-partido\/","title":{"rendered":"Ojos en Alerta realiz\u00f3 charlas en escuelas del Partido"},"content":{"rendered":"<p>Las pr\u00f3ximas charlas confirmadas ser\u00e1n en los barrios Trabajadores, Facundo Quiroga y Coronel Dorrego.<!--more--><\/p>\n<hr \/>\n<p><strong>Ojos en Alerta<\/strong> contin\u00faa las<strong> charlas informativas<\/strong> en el Partido &#8220;<em>con el objetivo de dar a conocer a la comunidad los beneficios y caracter\u00edsticas de la red de protecci\u00f3n ciudadana que integran miles de olavarrienses y que permite la denuncia inmediata de cualquier tipo de evento&#8221;.\u00a0<\/em><\/p>\n<p>&nbsp;<\/p>\n<p>En ese sentido, se detall\u00f3 que durante los \u00faltimos d\u00edas las jornadas se realizaron en <strong>establecimientos educativos,<\/strong> donde profesionales del \u00e1rea, encabezados por el director Daniel Manuel, explicaron el funcionamiento de la herramienta de prevenci\u00f3n ciudadana y, a la par, evacuaron inquietudes y consultas.<\/p>\n<p>&nbsp;<\/p>\n<p><em><strong>&#8220;El objetivo de estas charlas es tambi\u00e9n que se los alumnos y alumnas quienes repliquen Ojos en Alerta a familiares y amigos, con el objetivo de que cada vez sean m\u00e1s las personas que se sumen&#8221;<\/strong><\/em> explicaron.<\/p>\n<p>&nbsp;<\/p>\n<p>En las pr\u00f3ximas semanas se recorrer\u00e1n distintos barrios, para lo cual ya est\u00e1n confirmadas charlas en los <strong>barrios Trabajadores, Facundo Quiroga y Coronel Dorrego<\/strong>. Vale destacar, a la par, que a la recorrida tambi\u00e9n se incluyen comerciantes de distintos puntos del Partido.<\/p>\n<p>&nbsp;<\/p>\n<p>Aquellas personas interesadas en sumarse lo pueden hacer a trav\u00e9s de un <strong>mensaje de WhatsApp al 2284 544817<\/strong>. A partir de esa comunicaci\u00f3n, y respondiendo preguntas b\u00e1sicas de contacto, ser\u00e1 incorporada al sistema y podr\u00e1 denunciar o informar de manera \u00e1gil e inmediata cualquier tipo de situaci\u00f3n o emergencia.<\/p>\n<p>&nbsp;<\/p>\n<p>Por \u00faltimo, desde el \u00e1rea de Seguridad Municipal se enfatiz\u00f3 que ser\u00e1n los vecinos y vecinas quienes deber\u00e1n comunicarse en primera instancia y manifestar su deseo de incorporarse a la red de protecci\u00f3n ciudadana. Reci\u00e9n all\u00ed se iniciar\u00e1 el proceso de alta. La aclaraci\u00f3n surge para <strong>evitar cualquier tipo de enga\u00f1as o estafas<\/strong>. Desde Ojos en Alerta se subray\u00f3 que nadie se comunicar\u00e1 pidiendo informaci\u00f3n o el alta, sino que \u00fanicamente se dar\u00e1 respuesta a la solicitud de personas que deseen incorporarse.<\/p>\n","protected":false},"excerpt":{"rendered":"<p>Las pr\u00f3ximas charlas confirmadas ser\u00e1n en los barrios Trabajadores, Facundo Quiroga y Coronel Dorrego.<\/p>\n","protected":false},"author":6,"featured_media":85889,"comment_status":"closed","ping_status":"closed","sticky":false,"template":"","format":"standard","meta":{"_jetpack_memberships_contains_paid_content":false,"footnotes":""},"categories":[5,1],"tags":[],"class_list":["post-85888","post","type-post","status-publish","format-standard","has-post-thumbnail","hentry","category-informacion-general","category-portada"],"jetpack_featured_media_url":"https:\/\/i0.wp.com\/cdnoticias.com\/wp-content\/uploads\/2023\/05\/Seguridad-Ojos-en-Alerta-1024x682-1.jpeg?fit=1024%2C682&ssl=1","jetpack_sharing_enabled":true,"_links":{"self":[{"href":"https:\/\/cdnoticias.com\/index.php\/wp-json\/wp\/v2\/posts\/85888","targetHints":{"allow":["GET"]}}],"collection":[{"href":"https:\/\/cdnoticias.com\/index.php\/wp-json\/wp\/v2\/posts"}],"about":[{"href":"https:\/\/cdnoticias.com\/index.php\/wp-json\/wp\/v2\/types\/post"}],"author":[{"embeddable":true,"href":"https:\/\/cdnoticias.com\/index.php\/wp-json\/wp\/v2\/users\/6"}],"replies":[{"embeddable":true,"href":"https:\/\/cdnoticias.com\/index.php\/wp-json\/wp\/v2\/comments?post=85888"}],"version-history":[{"count":0,"href":"https:\/\/cdnoticias.com\/index.php\/wp-json\/wp\/v2\/posts\/85888\/revisions"}],"wp:featuredmedia":[{"embeddable":true,"href":"https:\/\/cdnoticias.com\/index.php\/wp-json\/wp\/v2\/media\/85889"}],"wp:attachment":[{"href":"https:\/\/cdnoticias.com\/index.php\/wp-json\/wp\/v2\/media?parent=85888"}],"wp:term":[{"taxonomy":"category","embeddable":true,"href":"https:\/\/cdnoticias.com\/index.php\/wp-json\/wp\/v2\/categories?post=85888"},{"taxonomy":"post_tag","embeddable":true,"href":"https:\/\/cdnoticias.com\/index.php\/wp-json\/wp\/v2\/tags?post=85888"}],"curies":[{"name":"wp","href":"https:\/\/api.w.org\/{rel}","templated":true}]}}