{"id":85878,"date":"2023-05-27T17:34:53","date_gmt":"2023-05-27T20:34:53","guid":{"rendered":"https:\/\/www.centraldenoticias.com.ar\/?p=85878"},"modified":"2023-05-27T17:34:53","modified_gmt":"2023-05-27T20:34:53","slug":"primera-edicion-del-ano-de-24-horas-de-innovacion-fio","status":"publish","type":"post","link":"https:\/\/cdnoticias.com\/index.php\/2023\/05\/27\/primera-edicion-del-ano-de-24-horas-de-innovacion-fio\/","title":{"rendered":"Primera edici\u00f3n del a\u00f1o de &#8220;24 horas de Innovaci\u00f3n FIO&#8221;"},"content":{"rendered":"<p>El evento se realizar\u00e1 en las instalaciones de la Facultad de Ingenier\u00eda, durante los d\u00edas jueves 15 y viernes 16 de junio.<!--more--><\/p>\n<hr \/>\n<p>Organizado por La Facultad de Ingenier\u00eda, a trav\u00e9s de su Centro de Desarrollo Emprendedor e Innovaci\u00f3n (CDEI), junto con el Municipio de Olavarr\u00eda y la Fundaci\u00f3n Loma Negra, se realizar\u00e1 la <strong>primera edici\u00f3n del a\u00f1o de \u201c24 horas de Innovaci\u00f3n FIO\u201d,<\/strong> el programa que permite que los j\u00f3venes atraviesen un proceso de desarrollo de competencias blandas de manera vivencial, motivados por la resoluci\u00f3n de problem\u00e1ticas del territorio.<\/p>\n<p>&nbsp;<\/p>\n<p>El evento se realizar\u00e1 en las <strong>instalaciones de la Facultad de Ingenier\u00eda<\/strong>, durante las jornadas del <strong>jueves 15 y viernes 16 de junio<\/strong>. La iniciativa, que est\u00e1 destinada a estudiantes del ante\u00faltimo a\u00f1o del secundario, se desarrollar\u00e1 en <strong>equipos de entre 5 y 10 personas<\/strong>, quienes deber\u00e1n estar compuestos por al menos <strong>tres escuelas de educaci\u00f3n secundaria distintas.<\/strong><\/p>\n<p>&nbsp;<\/p>\n<p><img data-recalc-dims=\"1\" loading=\"lazy\" decoding=\"async\" class=\"aligncenter wp-image-85879 size-full\" src=\"https:\/\/i0.wp.com\/cdnoticias.com\/wp-content\/uploads\/2023\/05\/DE-24-Horas-Innovacion-1.jpg?resize=800%2C533&#038;ssl=1\" alt=\"\" width=\"800\" height=\"533\" srcset=\"https:\/\/i0.wp.com\/cdnoticias.com\/wp-content\/uploads\/2023\/05\/DE-24-Horas-Innovacion-1.jpg?w=1772&amp;ssl=1 1772w, https:\/\/i0.wp.com\/cdnoticias.com\/wp-content\/uploads\/2023\/05\/DE-24-Horas-Innovacion-1.jpg?resize=300%2C200&amp;ssl=1 300w, https:\/\/i0.wp.com\/cdnoticias.com\/wp-content\/uploads\/2023\/05\/DE-24-Horas-Innovacion-1.jpg?resize=1024%2C682&amp;ssl=1 1024w, https:\/\/i0.wp.com\/cdnoticias.com\/wp-content\/uploads\/2023\/05\/DE-24-Horas-Innovacion-1.jpg?resize=768%2C512&amp;ssl=1 768w, https:\/\/i0.wp.com\/cdnoticias.com\/wp-content\/uploads\/2023\/05\/DE-24-Horas-Innovacion-1.jpg?resize=1536%2C1024&amp;ssl=1 1536w, https:\/\/i0.wp.com\/cdnoticias.com\/wp-content\/uploads\/2023\/05\/DE-24-Horas-Innovacion-1.jpg?resize=272%2C182&amp;ssl=1 272w, https:\/\/i0.wp.com\/cdnoticias.com\/wp-content\/uploads\/2023\/05\/DE-24-Horas-Innovacion-1.jpg?w=1600&amp;ssl=1 1600w\" sizes=\"auto, (max-width: 800px) 100vw, 800px\" \/><\/p>\n<p>&nbsp;<\/p>\n<p><strong>\u201c24 horas de innovaci\u00f3n FIO<\/strong>\u201d es un medio para que los j\u00f3venes tomen contacto con las realidades sociales, comunitarias, productivas y ambientales y, de manera colaborativa, busquen soluciones creativas a problemas reales. Para ello deber\u00e1n elegir entre una serie de problem\u00e1ticas propuestas por entidades, instituciones y empresas olavarrienses, para entregar al d\u00eda siguiente una propuesta creativa y posible que, posteriormente, ser\u00e1 evaluada por un jurado.<\/p>\n<p>&nbsp;<\/p>\n<p>Durante la competencia se realizan <strong>jornadas recreativas y talleres de capacitaci\u00f3n,<\/strong> donde se brindan herramientas para la generaci\u00f3n de ideas y el desarrollo de modelos de negocio. Se premiar\u00e1 a los equipos que seg\u00fan la evaluaci\u00f3n del jurado obtengan, por puntaje, los tres primeros puestos de la competencia.<\/p>\n<p>&nbsp;<\/p>\n<p>Aquellas organizaciones que est\u00e9n interesadas en participar o recibir mayor informaci\u00f3n sobre el evento pueden comunicarse al 451055 int. 287 o a cdei@fio.unicen.edu.ar o con la direcci\u00f3n de Desarrollo Emprendedor al 2284-422135 o v\u00eda mail: econom\u00eda.social@olavarria.gov.ar<\/p>\n","protected":false},"excerpt":{"rendered":"<p>El evento se realizar\u00e1 en las instalaciones de la Facultad de Ingenier\u00eda, durante los d\u00edas jueves 15 y viernes 16<\/p>\n","protected":false},"author":6,"featured_media":85880,"comment_status":"closed","ping_status":"closed","sticky":false,"template":"","format":"standard","meta":{"_jetpack_memberships_contains_paid_content":false,"footnotes":""},"categories":[5,1],"tags":[],"class_list":["post-85878","post","type-post","status-publish","format-standard","has-post-thumbnail","hentry","category-informacion-general","category-portada"],"jetpack_featured_media_url":"https:\/\/i0.wp.com\/cdnoticias.com\/wp-content\/uploads\/2023\/05\/DE-24-Horas-Innovacion-2.jpg?fit=1772%2C1181&ssl=1","jetpack_sharing_enabled":true,"_links":{"self":[{"href":"https:\/\/cdnoticias.com\/index.php\/wp-json\/wp\/v2\/posts\/85878","targetHints":{"allow":["GET"]}}],"collection":[{"href":"https:\/\/cdnoticias.com\/index.php\/wp-json\/wp\/v2\/posts"}],"about":[{"href":"https:\/\/cdnoticias.com\/index.php\/wp-json\/wp\/v2\/types\/post"}],"author":[{"embeddable":true,"href":"https:\/\/cdnoticias.com\/index.php\/wp-json\/wp\/v2\/users\/6"}],"replies":[{"embeddable":true,"href":"https:\/\/cdnoticias.com\/index.php\/wp-json\/wp\/v2\/comments?post=85878"}],"version-history":[{"count":0,"href":"https:\/\/cdnoticias.com\/index.php\/wp-json\/wp\/v2\/posts\/85878\/revisions"}],"wp:featuredmedia":[{"embeddable":true,"href":"https:\/\/cdnoticias.com\/index.php\/wp-json\/wp\/v2\/media\/85880"}],"wp:attachment":[{"href":"https:\/\/cdnoticias.com\/index.php\/wp-json\/wp\/v2\/media?parent=85878"}],"wp:term":[{"taxonomy":"category","embeddable":true,"href":"https:\/\/cdnoticias.com\/index.php\/wp-json\/wp\/v2\/categories?post=85878"},{"taxonomy":"post_tag","embeddable":true,"href":"https:\/\/cdnoticias.com\/index.php\/wp-json\/wp\/v2\/tags?post=85878"}],"curies":[{"name":"wp","href":"https:\/\/api.w.org\/{rel}","templated":true}]}}