{"id":85856,"date":"2023-05-22T19:00:02","date_gmt":"2023-05-22T22:00:02","guid":{"rendered":"https:\/\/www.centraldenoticias.com.ar\/?p=85856"},"modified":"2023-05-22T19:00:02","modified_gmt":"2023-05-22T22:00:02","slug":"cortes-de-luz-programados-en-cinco-sectores-de-la-ciudad","status":"publish","type":"post","link":"https:\/\/cdnoticias.com\/index.php\/2023\/05\/22\/cortes-de-luz-programados-en-cinco-sectores-de-la-ciudad\/","title":{"rendered":"Cortes de luz programados en cinco sectores de la ciudad"},"content":{"rendered":"<p>Ser\u00e1 este martes de 8:00 a 12:00 por tareas de mantenimiento.<!--more--><\/p>\n<hr \/>\n<p>Desde Coopelectric se inform\u00f3 que durante la <strong>ma\u00f1ana de este martes<\/strong> se llevar\u00e1 a cabo un <strong>corte de luz por tareas de mantenimiento.<\/strong><\/p>\n<p>&nbsp;<\/p>\n<p>Ser\u00e1 entre las <strong>8:00 y las 12:00<\/strong> en cinco sectores de la ciudad:<\/p>\n<ul>\n<li>Sector 1: Rep\u00fablica del L\u00edbano &#8211; Moreno &#8211; avenida Sarmiento &#8211; 9 de Julio.<\/li>\n<li>Sector 2: Rep\u00fablica del L\u00edbano &#8211; V\u00edas FFCC &#8211; Merlo &#8211; Laprida.<\/li>\n<li>Sector 3: avenida Sarmiento &#8211; 25 de Mayo &#8211; avenida Trabajadores &#8211; V\u00edas FFCC.<\/li>\n<li>Sector 4: avenida Trabajadores &#8211; Alsina &#8211; Juan XXIII &#8211; V\u00edas FFCC.<\/li>\n<li>Sector 5: Juan XXIII &#8211; Lamadrid &#8211; RN226 &#8211; V\u00edas FFCC.<\/li>\n<\/ul>\n<p>&nbsp;<\/p>\n<p>Se indic\u00f3 que puede suspenderse sin las condiciones clim\u00e1ticas son adversas. En tal caso, las tareas ser\u00e1n reprogramadas.<\/p>\n","protected":false},"excerpt":{"rendered":"<p>Ser\u00e1 este martes de 8:00 a 12:00 por tareas de mantenimiento.<\/p>\n","protected":false},"author":6,"featured_media":41403,"comment_status":"closed","ping_status":"closed","sticky":false,"template":"","format":"standard","meta":{"_jetpack_memberships_contains_paid_content":false,"footnotes":""},"categories":[5,1],"tags":[],"class_list":["post-85856","post","type-post","status-publish","format-standard","has-post-thumbnail","hentry","category-informacion-general","category-portada"],"jetpack_featured_media_url":"https:\/\/i0.wp.com\/cdnoticias.com\/wp-content\/uploads\/2021\/12\/coopelectric-camion.jpg?fit=1600%2C890&ssl=1","jetpack_sharing_enabled":true,"_links":{"self":[{"href":"https:\/\/cdnoticias.com\/index.php\/wp-json\/wp\/v2\/posts\/85856","targetHints":{"allow":["GET"]}}],"collection":[{"href":"https:\/\/cdnoticias.com\/index.php\/wp-json\/wp\/v2\/posts"}],"about":[{"href":"https:\/\/cdnoticias.com\/index.php\/wp-json\/wp\/v2\/types\/post"}],"author":[{"embeddable":true,"href":"https:\/\/cdnoticias.com\/index.php\/wp-json\/wp\/v2\/users\/6"}],"replies":[{"embeddable":true,"href":"https:\/\/cdnoticias.com\/index.php\/wp-json\/wp\/v2\/comments?post=85856"}],"version-history":[{"count":0,"href":"https:\/\/cdnoticias.com\/index.php\/wp-json\/wp\/v2\/posts\/85856\/revisions"}],"wp:featuredmedia":[{"embeddable":true,"href":"https:\/\/cdnoticias.com\/index.php\/wp-json\/wp\/v2\/media\/41403"}],"wp:attachment":[{"href":"https:\/\/cdnoticias.com\/index.php\/wp-json\/wp\/v2\/media?parent=85856"}],"wp:term":[{"taxonomy":"category","embeddable":true,"href":"https:\/\/cdnoticias.com\/index.php\/wp-json\/wp\/v2\/categories?post=85856"},{"taxonomy":"post_tag","embeddable":true,"href":"https:\/\/cdnoticias.com\/index.php\/wp-json\/wp\/v2\/tags?post=85856"}],"curies":[{"name":"wp","href":"https:\/\/api.w.org\/{rel}","templated":true}]}}