{"id":85831,"date":"2023-05-22T08:06:14","date_gmt":"2023-05-22T11:06:14","guid":{"rendered":"https:\/\/www.centraldenoticias.com.ar\/?p=85831"},"modified":"2023-05-22T14:25:43","modified_gmt":"2023-05-22T17:25:43","slug":"corte-de-servicio-electrico-en-inmediaciones-del-club-racing","status":"publish","type":"post","link":"https:\/\/cdnoticias.com\/index.php\/2023\/05\/22\/corte-de-servicio-electrico-en-inmediaciones-del-club-racing\/","title":{"rendered":"Corte de servicio el\u00e9ctrico en inmediaciones del club Racing"},"content":{"rendered":"<p>Coopelectric inform\u00f3 que program\u00f3 la interrupci\u00f3n para este lunes de 12 a 14.30 para realizar tareas de mantenimiento. Se aclar\u00f3 que se suspender\u00e1 si las condiciones clim\u00e1ticas son adversas.<\/p>\n<p><!--more--><\/p>\n<hr \/>\n<p><strong>Coopelectric<\/strong> inform\u00f3 que program\u00f3 una<strong> interrupci\u00f3n de servicio el\u00e9ctrico para este lunes<\/strong> en una amplia zona ubicada en inmediaciones del club Racing.<\/p>\n<p>&nbsp;<\/p>\n<blockquote><p>Entre las 12 y las 14.30 se cortar\u00e1 la electricidad en el sector delimitado por las calles Ituzaing\u00f3, Mitre, Cerrito y Col\u00f3n.<\/p><\/blockquote>\n<p>&nbsp;<\/p>\n<p>El personal realizar\u00e1 tareas de <strong>mantenimiento<\/strong>. <em>Se aclar\u00f3 que el corte se suspender\u00e1 si las condiciones clim\u00e1ticas son adversas.<\/em><\/p>\n<p>&nbsp;<\/p>\n<p>&nbsp;<\/p>\n","protected":false},"excerpt":{"rendered":"<p>Coopelectric inform\u00f3 que program\u00f3 la interrupci\u00f3n para este lunes de 12 a 14.30 para realizar tareas de mantenimiento. Se aclar\u00f3<\/p>\n","protected":false},"author":4,"featured_media":453,"comment_status":"closed","ping_status":"closed","sticky":false,"template":"","format":"standard","meta":{"_jetpack_memberships_contains_paid_content":false,"footnotes":""},"categories":[5],"tags":[],"class_list":["post-85831","post","type-post","status-publish","format-standard","has-post-thumbnail","hentry","category-informacion-general"],"jetpack_featured_media_url":"https:\/\/i0.wp.com\/cdnoticias.com\/wp-content\/uploads\/2020\/09\/DSC_8512.jpg?fit=4608%2C3072&ssl=1","jetpack_sharing_enabled":true,"_links":{"self":[{"href":"https:\/\/cdnoticias.com\/index.php\/wp-json\/wp\/v2\/posts\/85831","targetHints":{"allow":["GET"]}}],"collection":[{"href":"https:\/\/cdnoticias.com\/index.php\/wp-json\/wp\/v2\/posts"}],"about":[{"href":"https:\/\/cdnoticias.com\/index.php\/wp-json\/wp\/v2\/types\/post"}],"author":[{"embeddable":true,"href":"https:\/\/cdnoticias.com\/index.php\/wp-json\/wp\/v2\/users\/4"}],"replies":[{"embeddable":true,"href":"https:\/\/cdnoticias.com\/index.php\/wp-json\/wp\/v2\/comments?post=85831"}],"version-history":[{"count":0,"href":"https:\/\/cdnoticias.com\/index.php\/wp-json\/wp\/v2\/posts\/85831\/revisions"}],"wp:featuredmedia":[{"embeddable":true,"href":"https:\/\/cdnoticias.com\/index.php\/wp-json\/wp\/v2\/media\/453"}],"wp:attachment":[{"href":"https:\/\/cdnoticias.com\/index.php\/wp-json\/wp\/v2\/media?parent=85831"}],"wp:term":[{"taxonomy":"category","embeddable":true,"href":"https:\/\/cdnoticias.com\/index.php\/wp-json\/wp\/v2\/categories?post=85831"},{"taxonomy":"post_tag","embeddable":true,"href":"https:\/\/cdnoticias.com\/index.php\/wp-json\/wp\/v2\/tags?post=85831"}],"curies":[{"name":"wp","href":"https:\/\/api.w.org\/{rel}","templated":true}]}}