{"id":85828,"date":"2023-05-22T10:43:07","date_gmt":"2023-05-22T13:43:07","guid":{"rendered":"https:\/\/www.centraldenoticias.com.ar\/?p=85828"},"modified":"2023-07-12T10:49:12","modified_gmt":"2023-07-12T13:49:12","slug":"tribunal-de-trabajo-en-olavarria-se-definio-una-terna-para-elegir-otro-miembro","status":"publish","type":"post","link":"https:\/\/cdnoticias.com\/index.php\/2023\/05\/22\/tribunal-de-trabajo-en-olavarria-se-definio-una-terna-para-elegir-otro-miembro\/","title":{"rendered":"Tribunal de Trabajo en Olavarr\u00eda: se defini\u00f3 una terna para elegir otro miembro"},"content":{"rendered":"<p>El Consejo de la Magistratura provincial dio a conocer la elecci\u00f3n de tres participantes del examen tomado en agosto del a\u00f1o pasado. En tanto, Eduardo Cataldi es el presidente del Tribunal.<\/p>\n<p><!--more--><\/p>\n<hr \/>\n<p>El<strong> Consejo de la Magistratura de la provincia de Buenos Aires<\/strong> defini\u00f3 una<strong> terna de postulantes<\/strong> para ocupar el cargo de<strong> juez o jueza del Tribunal de Trabajo en Olavarr\u00eda.<\/strong><\/p>\n<p>&nbsp;<\/p>\n<p>La votaci\u00f3n de la terna <strong>se realiz\u00f3 el d\u00eda 9 de mayo<\/strong> y el 15 de mayo se comunic\u00f3 al Ejecutivo bonaerense que ahora debe definir la selecci\u00f3n de uno de los postulantes.<\/p>\n<p>&nbsp;<\/p>\n<blockquote><p>Para el Tribunal de Trabajo de nuestra ciudad los seleccionados fueron Christian Marcelo Ben\u00edtez, Magal\u00ed Bel\u00e9n Duyinski y Bernardo Juan Cecilio Fern\u00e1ndez de Villegas.<\/p><\/blockquote>\n<p>&nbsp;<\/p>\n<p>El examen escrito para la cobertura del cargo se tom\u00f3 el 16 de agosto de 2022.<\/p>\n<p>&nbsp;<\/p>\n<p><span style=\"text-decoration: underline;\"><strong>Los postulantes<\/strong><\/span><\/p>\n<p>&nbsp;<\/p>\n<p>Los tres seleccionados en la terna<strong> se desempe\u00f1an en el \u00e1mbito del Poder Judicial Bonaerense.<\/strong><\/p>\n<p>&nbsp;<\/p>\n<p><strong>Christian Ben\u00edtez<\/strong> vive en nuestra ciudad y es secretario del Tribunal de Trabajo de Olavarr\u00eda.<\/p>\n<p>&nbsp;<\/p>\n<p><strong>Magal\u00ed Duyinski<\/strong> es actualmente auxiliar letrada en el Tribunal de Trabajo N\u00b0 3 del Departamento Judicial de Lomas de Zamora con sede en Banfield.<\/p>\n<p>&nbsp;<\/p>\n<p><strong>Bernardo Fern\u00e1ndez de Villegas<\/strong> es azule\u00f1o, de 48 a\u00f1os de edad. Es auxiliar letrado en el Juzgado de Garant\u00edas 1 de Azul.<\/p>\n<p>&nbsp;<\/p>\n<p><span style=\"text-decoration: underline;\"><strong>El Tribunal en Olavarr\u00eda<\/strong><\/span><\/p>\n<p>&nbsp;<\/p>\n<p>El Tribunal de Trabajo de Olavarr\u00eda tiene hoy <strong>dos jueces designados: Eduardo Cataldi y \u00d3scar L\u00f3pez Ar\u00e9valo.<\/strong><\/p>\n<p>&nbsp;<\/p>\n<p>El tercer miembro es <strong>Marcelo Enrique Paternico, integrante del cuerpo de magistrados suplentes<\/strong>. Una vez que se defina cu\u00e1l de los integrantes de la terna se incorpora al tribunal y se produzca la designaci\u00f3n formal finalizar\u00e1 la tarea de Paternico en Olavarr\u00eda.<\/p>\n<p>&nbsp;<\/p>\n<blockquote><p>Desde el 15 de mayo pasado, y por un a\u00f1o, el presidente del Tribunal es el juez Cataldi. Mantendr\u00e1 el cargo hasta el 17 de mayo de 2024.<\/p><\/blockquote>\n<p>&nbsp;<\/p>\n<p>Este Tribunal pertenece al Departamento Judicial Azul y atiende causas originadas en Bol\u00edvar, General La Madrid, Laprida y Olavarr\u00eda.<\/p>\n<p>&nbsp;<\/p>\n<p><span style=\"text-decoration: underline;\"><strong>M\u00e1s ternas para el Departamento Judicial de Azul<\/strong><\/span><\/p>\n<p>&nbsp;<\/p>\n<p>El Consejo de la Magistratura tambi\u00e9n defini\u00f3 una terna para elegir un<strong> juez para el Tribunal de Trabajo en Azul<\/strong> y el examen se tom\u00f3 el mismo d\u00eda, 16 de agosto de 2022. Los elegidos fueron Christian Marcelo Ben\u00edtez, Bernardo Juan Cecilio Fern\u00e1ndez de Villegas y Ezequiel Alberto Gimeno.<\/p>\n<p>&nbsp;<\/p>\n<p>Para el <strong>Tribunal en lo Criminal de Azul<\/strong> se seleccionaron seis ternados ya que son dos los cargos a cubrir. Se trata de Albano Gallicchio, Karina Patricia Gennuso, Mariana Guadalupe Mocciaro, Marina Victoria Pannunzio, Anal\u00eda Ver\u00f3nica Reyes y Mart\u00edn Oscar Viceconte.<\/p>\n<p>&nbsp;<\/p>\n<p>Finalmente, el Consejo eligi\u00f3 una terna para cubrir un cargo en el <strong>Tribunal en lo Criminal de Tandil<\/strong>. Los doctores Albano Gallicchio, Karina Patricia Gennuso y Mart\u00edn Oscar Viceconte fueron los elegidos.<\/p>\n<p>&nbsp;<\/p>\n<p>En estos dos \u00faltimos casos, el examen escrito se tom\u00f3 el d\u00eda 30 de agosto de 2022.<\/p>\n<p>&nbsp;<\/p>\n<p>&nbsp;<\/p>\n","protected":false},"excerpt":{"rendered":"<p>El Consejo de la Magistratura provincial dio a conocer la elecci\u00f3n de tres participantes del examen tomado en agosto del<\/p>\n","protected":false},"author":4,"featured_media":85829,"comment_status":"closed","ping_status":"closed","sticky":false,"template":"","format":"standard","meta":{"_jetpack_memberships_contains_paid_content":false,"footnotes":""},"categories":[5,1],"tags":[],"class_list":["post-85828","post","type-post","status-publish","format-standard","has-post-thumbnail","hentry","category-informacion-general","category-portada"],"jetpack_featured_media_url":"https:\/\/i0.wp.com\/cdnoticias.com\/wp-content\/uploads\/2023\/05\/tribunal-de-trabajo.jpg?fit=1000%2C556&ssl=1","jetpack_sharing_enabled":true,"_links":{"self":[{"href":"https:\/\/cdnoticias.com\/index.php\/wp-json\/wp\/v2\/posts\/85828","targetHints":{"allow":["GET"]}}],"collection":[{"href":"https:\/\/cdnoticias.com\/index.php\/wp-json\/wp\/v2\/posts"}],"about":[{"href":"https:\/\/cdnoticias.com\/index.php\/wp-json\/wp\/v2\/types\/post"}],"author":[{"embeddable":true,"href":"https:\/\/cdnoticias.com\/index.php\/wp-json\/wp\/v2\/users\/4"}],"replies":[{"embeddable":true,"href":"https:\/\/cdnoticias.com\/index.php\/wp-json\/wp\/v2\/comments?post=85828"}],"version-history":[{"count":0,"href":"https:\/\/cdnoticias.com\/index.php\/wp-json\/wp\/v2\/posts\/85828\/revisions"}],"wp:featuredmedia":[{"embeddable":true,"href":"https:\/\/cdnoticias.com\/index.php\/wp-json\/wp\/v2\/media\/85829"}],"wp:attachment":[{"href":"https:\/\/cdnoticias.com\/index.php\/wp-json\/wp\/v2\/media?parent=85828"}],"wp:term":[{"taxonomy":"category","embeddable":true,"href":"https:\/\/cdnoticias.com\/index.php\/wp-json\/wp\/v2\/categories?post=85828"},{"taxonomy":"post_tag","embeddable":true,"href":"https:\/\/cdnoticias.com\/index.php\/wp-json\/wp\/v2\/tags?post=85828"}],"curies":[{"name":"wp","href":"https:\/\/api.w.org\/{rel}","templated":true}]}}