{"id":85825,"date":"2023-05-22T09:22:57","date_gmt":"2023-05-22T12:22:57","guid":{"rendered":"https:\/\/www.centraldenoticias.com.ar\/?p=85825"},"modified":"2023-05-22T10:43:22","modified_gmt":"2023-05-22T13:43:22","slug":"alerta-por-tormentas-en-olavarria-para-este-lunes-y-el-miercoles","status":"publish","type":"post","link":"https:\/\/cdnoticias.com\/index.php\/2023\/05\/22\/alerta-por-tormentas-en-olavarria-para-este-lunes-y-el-miercoles\/","title":{"rendered":"Alerta por tormentas en Olavarr\u00eda para este lunes y el mi\u00e9rcoles"},"content":{"rendered":"<p>As\u00ed lo anticip\u00f3 el Servicio Meteorol\u00f3gico Nacional. Esta ma\u00f1ana el registro total de lluvia ca\u00edda desde el domingo fue de 27,2 mm. <!--more--><\/p>\n<hr \/>\n<p>El Servicio Meteorol\u00f3gico Nacional emiti\u00f3 para <strong>este lunes y el mi\u00e9rcoles<\/strong> una alerta por tormentas para<strong> Olavarr\u00eda, Laprida y La Madrid.<\/strong><\/p>\n<p>&nbsp;<\/p>\n<p>Seg\u00fan se especific\u00f3 el \u00e1rea mencionada ser\u00e1 <strong>afectada por tormentas, algunas localmente fuertes,<\/strong> acompa\u00f1adas por r\u00e1fagas, ocasional ca\u00edda de granizo, fuerte actividad el\u00e9ctrica y principalmente abundante ca\u00edda de agua en cortos periodos.<\/p>\n<p>&nbsp;<\/p>\n<p>Se estiman valores de precipitaci\u00f3n acumulada entre 30 y 50 mm, pudiendo ser superados de forma puntual.<\/p>\n<p>&nbsp;<\/p>\n<p><strong>La lluvia ca\u00edda<\/strong><\/p>\n<p>&nbsp;<\/p>\n<p>Desde la <strong>estaci\u00f3n meteorol\u00f3gica local<\/strong> se mencion\u00f3 que el registro de las 9:00 arroj\u00f3 22,1 mm de lluvia. En tanto, <strong>el total de lluvia ca\u00edda desde el domingo fue de 27,2 mm.<\/strong><\/p>\n<p>&nbsp;<\/p>\n<p>Esta ma\u00f1ana, la<strong> visibilidad estuvo reducida a 2 kil\u00f3metros<\/strong> por tormenta y neblina.<\/p>\n<p>&nbsp;<\/p>\n<p>La <strong>temperatura m\u00ednima se registr\u00f3 a las 4:10 y fue de 14.5\u00b0<\/strong>. Se espera una m\u00e1xima de 16\u00b0 para la jornada de este lunes.<\/p>\n<p>&nbsp;<\/p>\n","protected":false},"excerpt":{"rendered":"<p>As\u00ed lo anticip\u00f3 el Servicio Meteorol\u00f3gico Nacional. Esta ma\u00f1ana el registro total de lluvia ca\u00edda desde el domingo fue de<\/p>\n","protected":false},"author":5,"featured_media":85826,"comment_status":"closed","ping_status":"closed","sticky":false,"template":"","format":"standard","meta":{"_jetpack_memberships_contains_paid_content":false,"footnotes":""},"categories":[5,1],"tags":[],"class_list":["post-85825","post","type-post","status-publish","format-standard","has-post-thumbnail","hentry","category-informacion-general","category-portada"],"jetpack_featured_media_url":"https:\/\/i0.wp.com\/cdnoticias.com\/wp-content\/uploads\/2023\/05\/lluvia-tormenta-clima-tiempo.jpg?fit=1200%2C720&ssl=1","jetpack_sharing_enabled":true,"_links":{"self":[{"href":"https:\/\/cdnoticias.com\/index.php\/wp-json\/wp\/v2\/posts\/85825","targetHints":{"allow":["GET"]}}],"collection":[{"href":"https:\/\/cdnoticias.com\/index.php\/wp-json\/wp\/v2\/posts"}],"about":[{"href":"https:\/\/cdnoticias.com\/index.php\/wp-json\/wp\/v2\/types\/post"}],"author":[{"embeddable":true,"href":"https:\/\/cdnoticias.com\/index.php\/wp-json\/wp\/v2\/users\/5"}],"replies":[{"embeddable":true,"href":"https:\/\/cdnoticias.com\/index.php\/wp-json\/wp\/v2\/comments?post=85825"}],"version-history":[{"count":0,"href":"https:\/\/cdnoticias.com\/index.php\/wp-json\/wp\/v2\/posts\/85825\/revisions"}],"wp:featuredmedia":[{"embeddable":true,"href":"https:\/\/cdnoticias.com\/index.php\/wp-json\/wp\/v2\/media\/85826"}],"wp:attachment":[{"href":"https:\/\/cdnoticias.com\/index.php\/wp-json\/wp\/v2\/media?parent=85825"}],"wp:term":[{"taxonomy":"category","embeddable":true,"href":"https:\/\/cdnoticias.com\/index.php\/wp-json\/wp\/v2\/categories?post=85825"},{"taxonomy":"post_tag","embeddable":true,"href":"https:\/\/cdnoticias.com\/index.php\/wp-json\/wp\/v2\/tags?post=85825"}],"curies":[{"name":"wp","href":"https:\/\/api.w.org\/{rel}","templated":true}]}}