{"id":85814,"date":"2023-05-22T08:09:50","date_gmt":"2023-05-22T11:09:50","guid":{"rendered":"https:\/\/www.centraldenoticias.com.ar\/?p=85814"},"modified":"2023-05-22T08:09:50","modified_gmt":"2023-05-22T11:09:50","slug":"dora-lucrecia-buchanan-de-bickart-q-e-p-d","status":"publish","type":"post","link":"https:\/\/cdnoticias.com\/index.php\/2023\/05\/22\/dora-lucrecia-buchanan-de-bickart-q-e-p-d\/","title":{"rendered":"Dora Lucrecia Buchanan de Bickart (Q.E.P.D.)"},"content":{"rendered":"<p>&nbsp;<\/p>\n<p>Falleci\u00f3 en Villa Alfredo Fortabat el d\u00eda 21 de mayo de 2023 a los 42 a\u00f1os de edad.<\/p>\n<p>&nbsp;<\/p>\n<p>Su esposo Claudio; sus hijos: Bruno y Martina; su madre Doris; sus hermanas; sus sobrinos; sus hermanos pol\u00edticos; sus amigos y dem\u00e1s deudos participan su fallecimiento.<\/p>\n<p>&nbsp;<\/p>\n<p>Velatorio: Sala &#8220;F&#8221; de Espa\u00f1a 2942. Comenz\u00f3 el domingo a las 23 y se extendi\u00f3 hasta las 3:00 AM. Inhumaci\u00f3n: a confirmar, en fecha a confirmar. Servicio adherido a Coopelectric.<\/p>\n<p>&nbsp;<\/p>\n<p>Vecina de Villa Alfredo Fortabat<\/p>\n<p>&nbsp;<\/p>\n<p>Lugar de nacimiento: Olavarr\u00eda<\/p>\n<p>&nbsp;<\/p>\n<p>Actividad que desarrollaba: Ama de casa y Consultora Bio existencial consciente Humano Puente<\/p>\n","protected":false},"excerpt":{"rendered":"<p>&nbsp; Falleci\u00f3 en Villa Alfredo Fortabat el d\u00eda 21 de mayo de 2023 a los 42 a\u00f1os de edad. &nbsp;<\/p>\n","protected":false},"author":4,"featured_media":51544,"comment_status":"closed","ping_status":"closed","sticky":false,"template":"","format":"standard","meta":{"_jetpack_memberships_contains_paid_content":false,"footnotes":""},"categories":[10],"tags":[],"class_list":["post-85814","post","type-post","status-publish","format-standard","has-post-thumbnail","hentry","category-necrologicas"],"jetpack_featured_media_url":"https:\/\/i0.wp.com\/cdnoticias.com\/wp-content\/uploads\/2022\/04\/necrologicas-390-x-240.jpg?fit=390%2C240&ssl=1","jetpack_sharing_enabled":true,"_links":{"self":[{"href":"https:\/\/cdnoticias.com\/index.php\/wp-json\/wp\/v2\/posts\/85814","targetHints":{"allow":["GET"]}}],"collection":[{"href":"https:\/\/cdnoticias.com\/index.php\/wp-json\/wp\/v2\/posts"}],"about":[{"href":"https:\/\/cdnoticias.com\/index.php\/wp-json\/wp\/v2\/types\/post"}],"author":[{"embeddable":true,"href":"https:\/\/cdnoticias.com\/index.php\/wp-json\/wp\/v2\/users\/4"}],"replies":[{"embeddable":true,"href":"https:\/\/cdnoticias.com\/index.php\/wp-json\/wp\/v2\/comments?post=85814"}],"version-history":[{"count":0,"href":"https:\/\/cdnoticias.com\/index.php\/wp-json\/wp\/v2\/posts\/85814\/revisions"}],"wp:featuredmedia":[{"embeddable":true,"href":"https:\/\/cdnoticias.com\/index.php\/wp-json\/wp\/v2\/media\/51544"}],"wp:attachment":[{"href":"https:\/\/cdnoticias.com\/index.php\/wp-json\/wp\/v2\/media?parent=85814"}],"wp:term":[{"taxonomy":"category","embeddable":true,"href":"https:\/\/cdnoticias.com\/index.php\/wp-json\/wp\/v2\/categories?post=85814"},{"taxonomy":"post_tag","embeddable":true,"href":"https:\/\/cdnoticias.com\/index.php\/wp-json\/wp\/v2\/tags?post=85814"}],"curies":[{"name":"wp","href":"https:\/\/api.w.org\/{rel}","templated":true}]}}