{"id":85787,"date":"2023-05-21T21:00:43","date_gmt":"2023-05-22T00:00:43","guid":{"rendered":"https:\/\/www.centraldenoticias.com.ar\/?p=85787"},"modified":"2023-05-21T21:00:43","modified_gmt":"2023-05-22T00:00:43","slug":"por-un-conflicto-familiar-tres-personas-fueron-aprehendidas","status":"publish","type":"post","link":"https:\/\/cdnoticias.com\/index.php\/2023\/05\/21\/por-un-conflicto-familiar-tres-personas-fueron-aprehendidas\/","title":{"rendered":"Por un conflicto familiar, tres personas fueron aprehendidas"},"content":{"rendered":"<p>En detalle, dos hombres agredieron f\u00edsicamente a otras dos personas y una mujer amenaz\u00f3 de muerte a una de las v\u00edctimas. <!--more--><\/p>\n<hr \/>\n<p>Este s\u00e1bado, Personal de Comando de Patrullas intervino en la calle Necochea al 600 debido a un<strong> conflicto familiar<\/strong>, donde<strong> aprehendieron a tres personas.<\/strong><\/p>\n<p>&nbsp;<\/p>\n<p>Al arribo del lugar, se encontraron con un tumulto de gente donde varios de ellos estaban confrontando. All\u00ed mismo se produjo la <strong>aprehensi\u00f3n de dos hombres<\/strong> quien en presencia del personal policial<b>\u00a0agredieron f\u00edsicamente, mediante golpes de pu\u00f1o, y elementos contundentes<\/b> a otras dos personas. Adem\u00e1s, <strong>aprehendieron a una mujer que amenaz\u00f3 de muerte<\/strong> a una de las v\u00edctimas.<\/p>\n<p>&nbsp;<\/p>\n<p><img data-recalc-dims=\"1\" loading=\"lazy\" decoding=\"async\" class=\"aligncenter wp-image-85789 size-full\" src=\"https:\/\/i0.wp.com\/cdnoticias.com\/wp-content\/uploads\/2023\/05\/WhatsApp-Image-2023-05-21-at-15.37.49-2-e1684698196458.jpeg?resize=720%2C534&#038;ssl=1\" alt=\"\" width=\"720\" height=\"534\" srcset=\"https:\/\/i0.wp.com\/cdnoticias.com\/wp-content\/uploads\/2023\/05\/WhatsApp-Image-2023-05-21-at-15.37.49-2-e1684698196458.jpeg?w=720&amp;ssl=1 720w, https:\/\/i0.wp.com\/cdnoticias.com\/wp-content\/uploads\/2023\/05\/WhatsApp-Image-2023-05-21-at-15.37.49-2-e1684698196458.jpeg?resize=300%2C223&amp;ssl=1 300w\" sizes=\"auto, (max-width: 720px) 100vw, 720px\" \/><\/p>\n<p>&nbsp;<\/p>\n<p>Los aprehendidos fueron alojados en Comisar\u00eda Primera y el hecho se caratul\u00f3 como &#8220;<strong>lesiones en flagrancia, amenazas en flagrancia<\/strong>&#8220;. Interviene la UFI N\u00b05 a cargo del doctor Iturralde.<\/p>\n<p>&nbsp;<\/p>\n<p><img data-recalc-dims=\"1\" loading=\"lazy\" decoding=\"async\" class=\"aligncenter wp-image-85788 size-full\" src=\"https:\/\/i0.wp.com\/cdnoticias.com\/wp-content\/uploads\/2023\/05\/WhatsApp-Image-2023-05-21-at-15.37.49-1-e1684698187768.jpeg?resize=720%2C470&#038;ssl=1\" alt=\"\" width=\"720\" height=\"470\" srcset=\"https:\/\/i0.wp.com\/cdnoticias.com\/wp-content\/uploads\/2023\/05\/WhatsApp-Image-2023-05-21-at-15.37.49-1-e1684698187768.jpeg?w=720&amp;ssl=1 720w, https:\/\/i0.wp.com\/cdnoticias.com\/wp-content\/uploads\/2023\/05\/WhatsApp-Image-2023-05-21-at-15.37.49-1-e1684698187768.jpeg?resize=300%2C196&amp;ssl=1 300w\" sizes=\"auto, (max-width: 720px) 100vw, 720px\" \/><\/p>\n<p>&nbsp;<\/p>\n","protected":false},"excerpt":{"rendered":"<p>En detalle, dos hombres agredieron f\u00edsicamente a otras dos personas y una mujer amenaz\u00f3 de muerte a una de las<\/p>\n","protected":false},"author":6,"featured_media":85790,"comment_status":"closed","ping_status":"closed","sticky":false,"template":"","format":"standard","meta":{"_jetpack_memberships_contains_paid_content":false,"footnotes":""},"categories":[14,1],"tags":[],"class_list":["post-85787","post","type-post","status-publish","format-standard","has-post-thumbnail","hentry","category-policiales","category-portada"],"jetpack_featured_media_url":"https:\/\/i0.wp.com\/cdnoticias.com\/wp-content\/uploads\/2023\/05\/WhatsApp-Image-2023-05-21-at-15.37.49-e1684698208294.jpeg?fit=720%2C480&ssl=1","jetpack_sharing_enabled":true,"_links":{"self":[{"href":"https:\/\/cdnoticias.com\/index.php\/wp-json\/wp\/v2\/posts\/85787","targetHints":{"allow":["GET"]}}],"collection":[{"href":"https:\/\/cdnoticias.com\/index.php\/wp-json\/wp\/v2\/posts"}],"about":[{"href":"https:\/\/cdnoticias.com\/index.php\/wp-json\/wp\/v2\/types\/post"}],"author":[{"embeddable":true,"href":"https:\/\/cdnoticias.com\/index.php\/wp-json\/wp\/v2\/users\/6"}],"replies":[{"embeddable":true,"href":"https:\/\/cdnoticias.com\/index.php\/wp-json\/wp\/v2\/comments?post=85787"}],"version-history":[{"count":0,"href":"https:\/\/cdnoticias.com\/index.php\/wp-json\/wp\/v2\/posts\/85787\/revisions"}],"wp:featuredmedia":[{"embeddable":true,"href":"https:\/\/cdnoticias.com\/index.php\/wp-json\/wp\/v2\/media\/85790"}],"wp:attachment":[{"href":"https:\/\/cdnoticias.com\/index.php\/wp-json\/wp\/v2\/media?parent=85787"}],"wp:term":[{"taxonomy":"category","embeddable":true,"href":"https:\/\/cdnoticias.com\/index.php\/wp-json\/wp\/v2\/categories?post=85787"},{"taxonomy":"post_tag","embeddable":true,"href":"https:\/\/cdnoticias.com\/index.php\/wp-json\/wp\/v2\/tags?post=85787"}],"curies":[{"name":"wp","href":"https:\/\/api.w.org\/{rel}","templated":true}]}}