{"id":85780,"date":"2023-05-22T08:20:19","date_gmt":"2023-05-22T11:20:19","guid":{"rendered":"https:\/\/www.centraldenoticias.com.ar\/?p=85780"},"modified":"2023-05-22T09:23:08","modified_gmt":"2023-05-22T12:23:08","slug":"dos-hombres-aprehendidos-por-causar-danos-en-el-banco-de-leche","status":"publish","type":"post","link":"https:\/\/cdnoticias.com\/index.php\/2023\/05\/22\/dos-hombres-aprehendidos-por-causar-danos-en-el-banco-de-leche\/","title":{"rendered":"Dos hombres aprehendidos por causar da\u00f1os en el Banco de Leche"},"content":{"rendered":"<p>El hecho ocurri\u00f3 en la calle Maip\u00fa 2832 y se caratul\u00f3 como &#8220;da\u00f1o agravado por ser ejecutado con bienes de uso p\u00fablico&#8221;. <!--more--><\/p>\n<hr \/>\n<p>Este domingo, personal de Control Urbano en conjunto con Personal de Comando de Patrullas fueron alertados por personas que transitaban la calle Maip\u00fa 2832 sobre la presencia de <strong>dos hombres da\u00f1ando la puerta del Banco de Leche.<\/strong><\/p>\n<p>&nbsp;<\/p>\n<p>Al arribo del personal al lugar, los hombres caminaron por Maip\u00fa hacia calle San Martin, donde<strong> fueron aprehendidos.<\/strong><\/p>\n<p>&nbsp;<\/p>\n<p>Fueron alojados en Comisar\u00eda Primera Olavarr\u00eda y el hecho fue caratulado <strong>&#8220;da\u00f1o agravado por ser ejecutado con bienes de uso p\u00fablico Art.184&#8221;<\/strong>. Interviene la UFI N\u00b010 a cargo del doctor Pi\u00f1eiro.<\/p>\n<p>&nbsp;<\/p>\n<p><img data-recalc-dims=\"1\" loading=\"lazy\" decoding=\"async\" class=\"size-large wp-image-85819 aligncenter\" src=\"https:\/\/i0.wp.com\/cdnoticias.com\/wp-content\/uploads\/2023\/05\/danos-banco-de-leche-00.jpg?resize=800%2C445&#038;ssl=1\" alt=\"\" width=\"800\" height=\"445\" srcset=\"https:\/\/i0.wp.com\/cdnoticias.com\/wp-content\/uploads\/2023\/05\/danos-banco-de-leche-00.jpg?resize=1024%2C570&amp;ssl=1 1024w, https:\/\/i0.wp.com\/cdnoticias.com\/wp-content\/uploads\/2023\/05\/danos-banco-de-leche-00.jpg?resize=300%2C167&amp;ssl=1 300w, https:\/\/i0.wp.com\/cdnoticias.com\/wp-content\/uploads\/2023\/05\/danos-banco-de-leche-00.jpg?resize=768%2C427&amp;ssl=1 768w, https:\/\/i0.wp.com\/cdnoticias.com\/wp-content\/uploads\/2023\/05\/danos-banco-de-leche-00.jpg?resize=800%2C445&amp;ssl=1 800w, https:\/\/i0.wp.com\/cdnoticias.com\/wp-content\/uploads\/2023\/05\/danos-banco-de-leche-00.jpg?w=1201&amp;ssl=1 1201w\" sizes=\"auto, (max-width: 800px) 100vw, 800px\" \/><\/p>\n<p>&nbsp;<\/p>\n","protected":false},"excerpt":{"rendered":"<p>El hecho ocurri\u00f3 en la calle Maip\u00fa 2832 y se caratul\u00f3 como &#8220;da\u00f1o agravado por ser ejecutado con bienes de<\/p>\n","protected":false},"author":6,"featured_media":85820,"comment_status":"closed","ping_status":"closed","sticky":false,"template":"","format":"standard","meta":{"_jetpack_memberships_contains_paid_content":false,"footnotes":""},"categories":[14,1],"tags":[],"class_list":["post-85780","post","type-post","status-publish","format-standard","has-post-thumbnail","hentry","category-policiales","category-portada"],"jetpack_featured_media_url":"https:\/\/i0.wp.com\/cdnoticias.com\/wp-content\/uploads\/2023\/05\/danos-banco-de-leche-01.jpg?fit=1200%2C668&ssl=1","jetpack_sharing_enabled":true,"_links":{"self":[{"href":"https:\/\/cdnoticias.com\/index.php\/wp-json\/wp\/v2\/posts\/85780","targetHints":{"allow":["GET"]}}],"collection":[{"href":"https:\/\/cdnoticias.com\/index.php\/wp-json\/wp\/v2\/posts"}],"about":[{"href":"https:\/\/cdnoticias.com\/index.php\/wp-json\/wp\/v2\/types\/post"}],"author":[{"embeddable":true,"href":"https:\/\/cdnoticias.com\/index.php\/wp-json\/wp\/v2\/users\/6"}],"replies":[{"embeddable":true,"href":"https:\/\/cdnoticias.com\/index.php\/wp-json\/wp\/v2\/comments?post=85780"}],"version-history":[{"count":0,"href":"https:\/\/cdnoticias.com\/index.php\/wp-json\/wp\/v2\/posts\/85780\/revisions"}],"wp:featuredmedia":[{"embeddable":true,"href":"https:\/\/cdnoticias.com\/index.php\/wp-json\/wp\/v2\/media\/85820"}],"wp:attachment":[{"href":"https:\/\/cdnoticias.com\/index.php\/wp-json\/wp\/v2\/media?parent=85780"}],"wp:term":[{"taxonomy":"category","embeddable":true,"href":"https:\/\/cdnoticias.com\/index.php\/wp-json\/wp\/v2\/categories?post=85780"},{"taxonomy":"post_tag","embeddable":true,"href":"https:\/\/cdnoticias.com\/index.php\/wp-json\/wp\/v2\/tags?post=85780"}],"curies":[{"name":"wp","href":"https:\/\/api.w.org\/{rel}","templated":true}]}}