{"id":85760,"date":"2023-05-21T22:00:08","date_gmt":"2023-05-22T01:00:08","guid":{"rendered":"https:\/\/www.centraldenoticias.com.ar\/?p=85760"},"modified":"2023-05-22T08:22:29","modified_gmt":"2023-05-22T11:22:29","slug":"desde-este-lunes-mas-de-12-mil-hogares-estaran-incluidos-en-el-programa-giro","status":"publish","type":"post","link":"https:\/\/cdnoticias.com\/index.php\/2023\/05\/21\/desde-este-lunes-mas-de-12-mil-hogares-estaran-incluidos-en-el-programa-giro\/","title":{"rendered":"Desde este lunes, m\u00e1s de 12 mil hogares estar\u00e1n incluidos en el Programa Giro"},"content":{"rendered":"<p>Qu\u00e9 cambia para los vecinos de los casi 30 barrios que se incorporar\u00e1n al programa de separaci\u00f3n de residuos domiciliarios. El mapa con las distintas rutas de recolecci\u00f3n.<\/p>\n<p><!--more--><\/p>\n<hr \/>\n<p><a href=\"https:\/\/cdnoticias.com\/index.php\/2023\/05\/19\/explicaron-el-calendario-de-recoleccion-del-programa-giro\/\" target=\"_blank\" rel=\"noopener\">Tal como se adelant\u00f3<\/a>, a partir de este lunes <strong>el Programa GIRO, de Gesti\u00f3n Integral de Residuos de Olavarr\u00eda, comenzar\u00e1 a aplicarse en casi 30 barrios de nuestra ciudad.<\/strong> Es por ello que la Direcci\u00f3n de Desarrollo Sustentable invit\u00f3 a los vecinos y vecinas de esos puntos de la ciudad a<strong> completar su calendario, en el que podr\u00e1n diferenciar los d\u00edas de recolecci\u00f3n en cuanto a materiales compostables, reciclables y basura.<\/strong><\/p>\n<p>&nbsp;<\/p>\n<p>De esta manera, <strong>desde el lunes m\u00e1s de 12.000 hogares quedar\u00e1 incorporados<\/strong> al programa que comenz\u00f3 hace dos a\u00f1os con pruebas piloto y que ahora inicia <strong>su mayor expansi\u00f3n hasta el momento<\/strong> con llegada a pr\u00e1cticamente a <strong>un tercio de la planta urbana<\/strong>.<\/p>\n<p>&nbsp;<\/p>\n<p><strong>\u00bf<\/strong>C\u00f3mo ser\u00e1 el recorrido de las <strong>distintas rutas<\/strong>? Se diferenciaron con los<strong> colores rojo, violeta, amarillo, verde y celeste. <\/strong>Se precis\u00f3 que <strong>el recorrido para la recolecci\u00f3n de materiales reciclables se inicia a las 13 horas, <\/strong>mientras que <strong>compostables y basura se lo hace a las 6 horas.<\/strong><\/p>\n<p><img data-recalc-dims=\"1\" loading=\"lazy\" decoding=\"async\" class=\"size-full wp-image-85511 aligncenter\" src=\"https:\/\/i0.wp.com\/cdnoticias.com\/wp-content\/uploads\/2023\/05\/DE-Nuevos-Barrios-GIRO-1024x682-1.jpg?resize=800%2C533&#038;ssl=1\" alt=\"\" width=\"800\" height=\"533\" srcset=\"https:\/\/i0.wp.com\/cdnoticias.com\/wp-content\/uploads\/2023\/05\/DE-Nuevos-Barrios-GIRO-1024x682-1.jpg?w=1024&amp;ssl=1 1024w, https:\/\/i0.wp.com\/cdnoticias.com\/wp-content\/uploads\/2023\/05\/DE-Nuevos-Barrios-GIRO-1024x682-1.jpg?resize=300%2C200&amp;ssl=1 300w, https:\/\/i0.wp.com\/cdnoticias.com\/wp-content\/uploads\/2023\/05\/DE-Nuevos-Barrios-GIRO-1024x682-1.jpg?resize=768%2C512&amp;ssl=1 768w, https:\/\/i0.wp.com\/cdnoticias.com\/wp-content\/uploads\/2023\/05\/DE-Nuevos-Barrios-GIRO-1024x682-1.jpg?resize=272%2C182&amp;ssl=1 272w\" sizes=\"auto, (max-width: 800px) 100vw, 800px\" \/><\/p>\n<p><span style=\"text-decoration: underline;\"><strong>Ruta Roja<\/strong><\/span>:\u00a0Nicol\u00e1s Avellaneda,\u00a010 de Junio,\u00a0Bancario I,\u00a0Mart\u00edn Fierro,\u00a0Sargento Cabral.<\/p>\n<ul>\n<li>Basura: Lunes y viernes<\/li>\n<li>Reciclables: Martes<\/li>\n<li>Compostables: Mi\u00e9rcoles<\/li>\n<\/ul>\n<p>&nbsp;<\/p>\n<p><span style=\"text-decoration: underline;\"><strong>Ruta Violeta<\/strong><\/span>:\u00a0El Hornero,\u00a0Belgrano,\u00a0Pellegrini,\u00a0Evita,\u00a0Provincias Unidas,\u00a0Educadores.<\/p>\n<ul>\n<li>Basura: Martes y S\u00e1bados<\/li>\n<li>Reciclables: Lunes<\/li>\n<li>Compostables: Jueves<\/li>\n<\/ul>\n<p>&nbsp;<\/p>\n<p><span style=\"text-decoration: underline;\"><strong>Ruta Amarilla<\/strong><\/span>:\u00a0Barrio Luj\u00e1n,\u00a0Tiro Federal,\u00a0Pro Casa I a IV.<\/p>\n<ul>\n<li>Basura: Martes y S\u00e1bados<\/li>\n<li>Reciclables: Mi\u00e9rcoles<\/li>\n<li>Compostables: Jueves<\/li>\n<\/ul>\n<p>&nbsp;<\/p>\n<p><span style=\"text-decoration: underline;\"><strong>Ruta Verde<\/strong><\/span>:\u00a0Barrio CECO I,\u00a0Luz y Fuerza II,\u00a0Facundo Quiroga I y II,\u00a0Barrio Bancario II y III,\u00a0Acupo I,\u00a0Provincias Argentinas.<\/p>\n<ul>\n<li>Basura: Lunes y Viernes<\/li>\n<li>Reciclables: Jueves<\/li>\n<li>Compostables: Mi\u00e9rcoles<\/li>\n<\/ul>\n<p>&nbsp;<\/p>\n<p><span style=\"text-decoration: underline;\"><strong>Ruta Celeste<\/strong><\/span>:\u00a0Villa Mail\u00edn,\u00a0Villa Aurora,\u00a0Villa Magdalena,\u00a0Villa Mail\u00e9n.<\/p>\n<ul>\n<li>Basura: Martes y S\u00e1bados<\/li>\n<li>Reciclables: Viernes<\/li>\n<li>Compostables: Jueves<\/li>\n<\/ul>\n<p>&nbsp;<\/p>\n<p>Para obtener m\u00e1s informaci\u00f3n sobre el Programa, pueden <strong>comunicarse con la Direcci\u00f3n de Desarrollo Sustentable<\/strong> de la Secretar\u00eda de Desarrollo Econ\u00f3mico al tel\u00e9fono 412600, escribir al correo electr\u00f3nico gestionambiental@olavarria.gov.ar, ingresar a la p\u00e1gina web www.giro.olavarria.gov.ar, o bien, seguir las redes sociales: giro.olavarria y desarrollosustentableolavarria. Adem\u00e1s, se cuenta con el <strong>chatbot al n\u00famero 2284 616445<\/strong>, donde podr\u00e1n ser asesorados por Giraldo.<\/p>\n<p>&nbsp;<\/p>\n<p><img data-recalc-dims=\"1\" loading=\"lazy\" decoding=\"async\" class=\"size-full wp-image-84624 aligncenter\" src=\"https:\/\/i0.wp.com\/cdnoticias.com\/wp-content\/uploads\/2023\/05\/GIRO-residuos.jpg?resize=800%2C445&#038;ssl=1\" alt=\"\" width=\"800\" height=\"445\" srcset=\"https:\/\/i0.wp.com\/cdnoticias.com\/wp-content\/uploads\/2023\/05\/GIRO-residuos.jpg?w=800&amp;ssl=1 800w, https:\/\/i0.wp.com\/cdnoticias.com\/wp-content\/uploads\/2023\/05\/GIRO-residuos.jpg?resize=300%2C167&amp;ssl=1 300w, https:\/\/i0.wp.com\/cdnoticias.com\/wp-content\/uploads\/2023\/05\/GIRO-residuos.jpg?resize=768%2C427&amp;ssl=1 768w\" sizes=\"auto, (max-width: 800px) 100vw, 800px\" \/><\/p>\n<p>&nbsp;<\/p>\n<p>&nbsp;<\/p>\n","protected":false},"excerpt":{"rendered":"<p>Qu\u00e9 cambia para los vecinos de los casi 30 barrios que se incorporar\u00e1n al programa de separaci\u00f3n de residuos domiciliarios.<\/p>\n","protected":false},"author":4,"featured_media":61535,"comment_status":"closed","ping_status":"closed","sticky":false,"template":"","format":"standard","meta":{"_jetpack_memberships_contains_paid_content":false,"footnotes":""},"categories":[5,1],"tags":[],"class_list":["post-85760","post","type-post","status-publish","format-standard","has-post-thumbnail","hentry","category-informacion-general","category-portada"],"jetpack_featured_media_url":"https:\/\/i0.wp.com\/cdnoticias.com\/wp-content\/uploads\/2022\/08\/Giro-Jornada-1-web-147.jpg?fit=2009%2C1206&ssl=1","jetpack_sharing_enabled":true,"_links":{"self":[{"href":"https:\/\/cdnoticias.com\/index.php\/wp-json\/wp\/v2\/posts\/85760","targetHints":{"allow":["GET"]}}],"collection":[{"href":"https:\/\/cdnoticias.com\/index.php\/wp-json\/wp\/v2\/posts"}],"about":[{"href":"https:\/\/cdnoticias.com\/index.php\/wp-json\/wp\/v2\/types\/post"}],"author":[{"embeddable":true,"href":"https:\/\/cdnoticias.com\/index.php\/wp-json\/wp\/v2\/users\/4"}],"replies":[{"embeddable":true,"href":"https:\/\/cdnoticias.com\/index.php\/wp-json\/wp\/v2\/comments?post=85760"}],"version-history":[{"count":0,"href":"https:\/\/cdnoticias.com\/index.php\/wp-json\/wp\/v2\/posts\/85760\/revisions"}],"wp:featuredmedia":[{"embeddable":true,"href":"https:\/\/cdnoticias.com\/index.php\/wp-json\/wp\/v2\/media\/61535"}],"wp:attachment":[{"href":"https:\/\/cdnoticias.com\/index.php\/wp-json\/wp\/v2\/media?parent=85760"}],"wp:term":[{"taxonomy":"category","embeddable":true,"href":"https:\/\/cdnoticias.com\/index.php\/wp-json\/wp\/v2\/categories?post=85760"},{"taxonomy":"post_tag","embeddable":true,"href":"https:\/\/cdnoticias.com\/index.php\/wp-json\/wp\/v2\/tags?post=85760"}],"curies":[{"name":"wp","href":"https:\/\/api.w.org\/{rel}","templated":true}]}}