{"id":85757,"date":"2023-05-21T14:19:32","date_gmt":"2023-05-21T17:19:32","guid":{"rendered":"https:\/\/www.centraldenoticias.com.ar\/?p=85757"},"modified":"2023-05-21T14:19:32","modified_gmt":"2023-05-21T17:19:32","slug":"mestralet-estuvo-en-la-conferencia-electoral-del-partido-obrero","status":"publish","type":"post","link":"https:\/\/cdnoticias.com\/index.php\/2023\/05\/21\/mestralet-estuvo-en-la-conferencia-electoral-del-partido-obrero\/","title":{"rendered":"Mestralet estuvo en la \u201cConferencia Electoral\u201d del Partido Obrero"},"content":{"rendered":"<p>En esa instancia, el Partido Obrero y el MST acordaron la convocatoria a un plenario del Frente de Izquierda. Llevar\u00e1n f\u00f3rmula presidencial propia: Gabriel Solano \u2013 Vilma Ripoll. \u00bfHabr\u00e1 PASO en el FIT?<\/p>\n<p><!--more--><\/p>\n<hr \/>\n<p><strong>En respectivas conferencias partidarias, el Partido Obrero y el Movimiento Socialista de los Trabajadores<\/strong>, ambos integrantes del Frente de Izquierda Unidad,<strong> acordaron este s\u00e1bado la \u201cconvocatoria a un plenario de deliberaci\u00f3n y resoluci\u00f3n de la izquierda y activismo<\/strong> que lucha en todo el pa\u00eds para resolver sobre la pol\u00edtica, el programa y las candidaturas de la izquierda y acordar una intervenci\u00f3n com\u00fan para impulsar las luchas populares\u201d.<\/p>\n<p>&nbsp;<\/p>\n<p>Se indic\u00f3 que \u201cdesde ambas fuerzas, destacaron el llamado a todas las fuerzas del FITU, a las organizaciones populares y a referentes sociales e intelectuales que apoyan a nuestro frente, a participar del plenario, para<strong> impulsar una presentaci\u00f3n com\u00fan de la izquierda<\/strong> contra los bloques patronales responsables de la cat\u00e1strofe que vive el pa\u00eds\u201d.<\/p>\n<p>&nbsp;<\/p>\n<blockquote class=\"twitter-tweet\">\n<p dir=\"ltr\" lang=\"es\">Desde el <a href=\"https:\/\/twitter.com\/PartidoObrero?ref_src=twsrc%5Etfw\">@PartidoObrero<\/a> y el <a href=\"https:\/\/twitter.com\/MSTargentina?ref_src=twsrc%5Etfw\">@MSTargentina<\/a> convocamos a realizar un gran plenario de la izquierda y proponemos la f\u00f3rmula presidencial Gabriel Solano &#8211; Vilma Ripoll <a href=\"https:\/\/t.co\/8XBFG9CMRW\">pic.twitter.com\/8XBFG9CMRW<\/a><\/p>\n<p>\u2014 Gabriel Solano (@Solanopo) <a href=\"https:\/\/twitter.com\/Solanopo\/status\/1660023980726669320?ref_src=twsrc%5Etfw\">May 20, 2023<\/a><\/p><\/blockquote>\n<p><script async src=\"https:\/\/platform.twitter.com\/widgets.js\" charset=\"utf-8\"><\/script><\/p>\n<p>&nbsp;<\/p>\n<p>En este evento, propondr\u00e1n constituir una lista com\u00fan para las elecciones con la <strong>f\u00f3rmula presidencial Gabriel Solano \u2013 Vilma Ripoll<\/strong>, por el Partido Obrero y el MST respectivamente.<\/p>\n<p>&nbsp;<\/p>\n<p>Adem\u00e1s, acordaron llevar al mismo plenario las propuestas de impulsar como <strong>candidato a gobernador en la provincia de Buenos Aires a Alejandro Bodart,<\/strong> como diputado nacional a N\u00e9stor Pitrola y como senadora a Romina Del Pl\u00e1.<\/p>\n<p>&nbsp;<\/p>\n<p>Cabe resaltar que<strong> el precandidato a intendente de Olavarr\u00eda por el Partido Obrero, Agust\u00edn Mestralet, estuvo en la \u201cConferencia Electoral\u201d<\/strong> de ese sector partidario. Tras el encuentro, se mostr\u00f3 con Gabriel Solano.<\/p>\n<p>&nbsp;<\/p>\n<blockquote class=\"twitter-tweet\">\n<p dir=\"ltr\" lang=\"es\">Ayer particip\u00e9 como delegado de <a href=\"https:\/\/twitter.com\/hashtag\/Olavarr%C3%ADa?src=hash&amp;ref_src=twsrc%5Etfw\">#Olavarr\u00eda<\/a> en la Conferencia Electoral del <a href=\"https:\/\/twitter.com\/PartidoObrero?ref_src=twsrc%5Etfw\">@PartidoObrero<\/a> que reafirm\u00f3 a <a href=\"https:\/\/twitter.com\/Solanopo?ref_src=twsrc%5Etfw\">@Solanopo<\/a> como nuestro precandidato a presidente del Frente de Izquierda, acompa\u00f1ado en la f\u00f3rmula por <a href=\"https:\/\/twitter.com\/vilma_ripoll?ref_src=twsrc%5Etfw\">@vilma_ripoll<\/a>, del MST. <a href=\"https:\/\/t.co\/aGwqDiC3lC\">pic.twitter.com\/aGwqDiC3lC<\/a><\/p>\n<p>\u2014 Agust\u00edn Mestralet Sz (@AgustinMSz) <a href=\"https:\/\/twitter.com\/AgustinMSz\/status\/1660315944197996547?ref_src=twsrc%5Etfw\">May 21, 2023<\/a><\/p><\/blockquote>\n<p><script async src=\"https:\/\/platform.twitter.com\/widgets.js\" charset=\"utf-8\"><\/script><\/p>\n<p>&nbsp;<\/p>\n<p><strong>\u00bfHabr\u00e1 PASO en el FIT?<\/strong><\/p>\n<p>&nbsp;<\/p>\n<p>Cabe recordar que <strong>por el PTS<\/strong>, otra de las agrupaciones que componen el FIT, se hab\u00eda propuesta como <strong>f\u00f3rmula presidencial a Myriam Bregman y Nicol\u00e1s Del Ca\u00f1o.<\/strong><\/p>\n<p>&nbsp;<\/p>\n<p>Con la propuesta conocida el s\u00e1bado, <strong>es posible que este sector vaya a las Primarias con dos f\u00f3rmulas<\/strong> en competencia de no llegar a un acuerdo. <strong>No obstante, desde el Partido Obrero se mostr\u00f3 intenci\u00f3n de evitar las PASO.<\/strong><\/p>\n<p>&nbsp;<\/p>\n<blockquote><p>Gabriel Solano sostuvo que \u201cel acuerdo al que llegamos con los compa\u00f1eros del MST tiene un enorme valor, porque vamos a convocar a un plenario de la izquierda y los luchadores populares, involucrando miles y miles de compa\u00f1eras y compa\u00f1eras para resolver y decidir sobre el programa y las candidaturas de la izquierda de cara a las pr\u00f3ximas elecciones nacionales. Estamos a tiempo, con este m\u00e9todo, de evitar las PASO y concentrar fuerzas en enfrentar a los responsables de haber llevado al pa\u00eds a esta crisis. Llamamos a las fuerzas que rechazaron esta propuesta a que revisen su posici\u00f3n. La izquierda no puede quedar reducida a una fuerza meramente electoral, debemos involucrar a los miles de compa\u00f1eras y compa\u00f1eros que est\u00e1n enfrentando el ajuste para ganar las calles y movilizarnos en los barrios y los lugares de trabajo por una alternativa\u201d.<\/p><\/blockquote>\n<p>&nbsp;<\/p>\n<p>Algo de este planteo <a href=\"https:\/\/cdnoticias.com\/index.php\/2023\/04\/04\/la-clase-trabajadora-tiene-que-saltar-el-cerco-del-peronismo-no-va-mas\/\" target=\"_blank\" rel=\"noopener\">hab\u00eda adelantado en Olavarr\u00eda N\u00e9stor Pitrola a principios de abril<\/a>. Solano defini\u00f3 que <strong>\u201cpara nosotros, la izquierda debe tener una pol\u00edtica totalmente independiente del kirchnerismo.<\/strong> El kirchnerismo es responsable central del saqueo capitalista que llevaron adelante todos los que nos han gobernado. <strong>Por eso venimos sosteniendo una pol\u00e9mica con Bregman y Del Ca\u00f1o, que representan una izquierda que se adapta permanentemente a los planteos de este sector\u201d<\/strong>.<\/p>\n<p>&nbsp;<\/p>\n<p><strong>Vilma Ripoll<\/strong>, en tanto, sostuvo: \u201cAvanzamos en este acuerdo muy positivo para <strong>profundizar una propuesta unitaria y democr\u00e1tica<\/strong> que venimos levantando hace tiempo; todo lo que haya que resolver en el Frente de Izquierda Unidad sea a trav\u00e9s del debate masivo y la participaci\u00f3n real de miles de trabajadoras, trabajadores y j\u00f3venes, tanto militantes como simpatizantes y organizaciones amigas del frente, por eso impulsamos ahora en com\u00fan un gran plenario. <strong>Le decimos al resto del frente que no hay que tener miedo al debate colectivo<\/strong>, todo lo contrario, debatir y decidir entre miles fortalece a la izquierda y al frente, lamentablemente los compa\u00f1eros del PTS hasta ahora se niegan a este camino y se encierran en sus propias precandidaturas, algo que es equivocado y divide. Esperamos que reflexionen y cambien\u201d.<\/p>\n<p>&nbsp;<\/p>\n<p>Fuente:<em> con informaci\u00f3n de Prensa Obrera y producci\u00f3n de Central de Noticias<\/em><\/p>\n<p>&nbsp;<\/p>\n<blockquote class=\"wp-embedded-content\" data-secret=\"58kKlAnjlR\"><p><a href=\"https:\/\/cdnoticias.com\/index.php\/2023\/04\/04\/agustin-mestralet-es-precandidato-a-intendente-por-el-fit\/\">Agust\u00edn Mestralet es precandidato a intendente por el FIT<\/a><\/p><\/blockquote>\n<p><iframe loading=\"lazy\" class=\"wp-embedded-content\" sandbox=\"allow-scripts\" security=\"restricted\" style=\"position: absolute; clip: rect(1px, 1px, 1px, 1px);\" title=\"&#8220;Agust\u00edn Mestralet es precandidato a intendente por el FIT&#8221; &#8212; Central de Noticias | Olavarr\u00eda\" src=\"https:\/\/cdnoticias.com\/index.php\/2023\/04\/04\/agustin-mestralet-es-precandidato-a-intendente-por-el-fit\/embed\/#?secret=QEyDhp1mPU#?secret=58kKlAnjlR\" data-secret=\"58kKlAnjlR\" width=\"600\" height=\"338\" frameborder=\"0\" marginwidth=\"0\" marginheight=\"0\" scrolling=\"no\"><\/iframe><\/p>\n","protected":false},"excerpt":{"rendered":"<p>En esa instancia, el Partido Obrero y el MST acordaron la convocatoria a un plenario del Frente de Izquierda. Llevar\u00e1n<\/p>\n","protected":false},"author":4,"featured_media":85758,"comment_status":"closed","ping_status":"closed","sticky":false,"template":"","format":"standard","meta":{"_jetpack_memberships_contains_paid_content":false,"footnotes":""},"categories":[4,1],"tags":[],"class_list":["post-85757","post","type-post","status-publish","format-standard","has-post-thumbnail","hentry","category-politica","category-portada"],"jetpack_featured_media_url":"https:\/\/i0.wp.com\/cdnoticias.com\/wp-content\/uploads\/2023\/05\/FIT-mestralet-solano.jpg?fit=1000%2C556&ssl=1","jetpack_sharing_enabled":true,"_links":{"self":[{"href":"https:\/\/cdnoticias.com\/index.php\/wp-json\/wp\/v2\/posts\/85757","targetHints":{"allow":["GET"]}}],"collection":[{"href":"https:\/\/cdnoticias.com\/index.php\/wp-json\/wp\/v2\/posts"}],"about":[{"href":"https:\/\/cdnoticias.com\/index.php\/wp-json\/wp\/v2\/types\/post"}],"author":[{"embeddable":true,"href":"https:\/\/cdnoticias.com\/index.php\/wp-json\/wp\/v2\/users\/4"}],"replies":[{"embeddable":true,"href":"https:\/\/cdnoticias.com\/index.php\/wp-json\/wp\/v2\/comments?post=85757"}],"version-history":[{"count":0,"href":"https:\/\/cdnoticias.com\/index.php\/wp-json\/wp\/v2\/posts\/85757\/revisions"}],"wp:featuredmedia":[{"embeddable":true,"href":"https:\/\/cdnoticias.com\/index.php\/wp-json\/wp\/v2\/media\/85758"}],"wp:attachment":[{"href":"https:\/\/cdnoticias.com\/index.php\/wp-json\/wp\/v2\/media?parent=85757"}],"wp:term":[{"taxonomy":"category","embeddable":true,"href":"https:\/\/cdnoticias.com\/index.php\/wp-json\/wp\/v2\/categories?post=85757"},{"taxonomy":"post_tag","embeddable":true,"href":"https:\/\/cdnoticias.com\/index.php\/wp-json\/wp\/v2\/tags?post=85757"}],"curies":[{"name":"wp","href":"https:\/\/api.w.org\/{rel}","templated":true}]}}