{"id":85723,"date":"2023-05-21T09:34:13","date_gmt":"2023-05-21T12:34:13","guid":{"rendered":"https:\/\/www.centraldenoticias.com.ar\/?p=85723"},"modified":"2023-05-21T10:34:25","modified_gmt":"2023-05-21T13:34:25","slug":"hcd-juntos-buscara-avanzar-con-la-ordenanza-de-pasacalles","status":"publish","type":"post","link":"https:\/\/cdnoticias.com\/index.php\/2023\/05\/21\/hcd-juntos-buscara-avanzar-con-la-ordenanza-de-pasacalles\/","title":{"rendered":"HCD: Juntos buscar\u00e1 avanzar con la ordenanza de pasacalles"},"content":{"rendered":"<p>El proyecto ser\u00e1 tratado este lunes en la comisi\u00f3n de Infraestructura. El objetivo es \u201cque llegue a comisi\u00f3n de Legislaci\u00f3n y pr\u00f3ximamente a sesi\u00f3n ordinaria\u201d, se inform\u00f3 desde la bancada oficialista.<\/p>\n<p><!--more--><\/p>\n<hr \/>\n<p>El <strong>pr\u00f3ximo lunes<\/strong> ser\u00e1 tratado en la<strong> comisi\u00f3n de Infraestructura del Concejo Deliberante<\/strong> el <strong>proyecto de ordenanza sobre pasacalles y carteler\u00eda<\/strong>, con el fin de que <strong>\u201cllegue a comisi\u00f3n de Legislaci\u00f3n y pr\u00f3ximamente a sesi\u00f3n ordinaria\u201d<\/strong>, se inform\u00f3 desde el bloque Juntos, sector autor de la iniciativa.<\/p>\n<p>&nbsp;<\/p>\n<p>De esta manera,<strong> el oficialismo pretende que la normativa se apruebe antes del inicio de la campa\u00f1a electoral.<\/strong><\/p>\n<p>&nbsp;<\/p>\n<p><a href=\"https:\/\/cdnoticias.com\/index.php\/2023\/05\/09\/los-concejales-del-pro-presentaron-el-proyecto-de-campana-limpia\/\" target=\"_blank\" rel=\"noopener\">El proyecto fue presentado el pasado 9 de mayo<\/a> y refiere a la reglamentaci\u00f3n de este tipo de<strong> publicidad en espacios p\u00fablicos y privados del partido de Olavarr\u00eda, especialmente de propaganda pol\u00edtica y de cara a las elecciones<\/strong>. Sigue la l\u00ednea de la <a href=\"https:\/\/cdnoticias.com\/index.php\/2023\/04\/18\/ezequiel-galli-pidio-una-campana-limpia-sin-carteles-ni-pasacalles\/\" target=\"_blank\" rel=\"noopener\">propuesta de \u201cCampa\u00f1a Limpia\u201d del intendente municipal Ezequiel Galli<\/a>.<\/p>\n<p>&nbsp;<\/p>\n<p><img data-recalc-dims=\"1\" loading=\"lazy\" decoding=\"async\" class=\"size-full wp-image-67086 aligncenter\" src=\"https:\/\/i0.wp.com\/cdnoticias.com\/wp-content\/uploads\/2022\/10\/HCD-martin-endere.jpg?resize=800%2C445&#038;ssl=1\" alt=\"\" width=\"800\" height=\"445\" srcset=\"https:\/\/i0.wp.com\/cdnoticias.com\/wp-content\/uploads\/2022\/10\/HCD-martin-endere.jpg?w=800&amp;ssl=1 800w, https:\/\/i0.wp.com\/cdnoticias.com\/wp-content\/uploads\/2022\/10\/HCD-martin-endere.jpg?resize=300%2C167&amp;ssl=1 300w, https:\/\/i0.wp.com\/cdnoticias.com\/wp-content\/uploads\/2022\/10\/HCD-martin-endere.jpg?resize=768%2C427&amp;ssl=1 768w\" sizes=\"auto, (max-width: 800px) 100vw, 800px\" \/><\/p>\n<p>&nbsp;<\/p>\n<p>La ordenanza que Juntos busca aprobar <strong>proh\u00edbe la colocaci\u00f3n de pasacalles u otro tipo de colgantes de car\u00e1cter pol\u00edtico<\/strong> sobre calles, avenidas, pasajes, puentes, arbolado y dem\u00e1s espacios p\u00fablicos.\u00a0Asimismo, impide la utilizaci\u00f3n de columnas de servicios p\u00fablicos o privados, sem\u00e1foros y carteles indicadores como soporte para la colocaci\u00f3n de carteles de publicidad pol\u00edtica.<\/p>\n<p>&nbsp;<\/p>\n<p>Cabe recordar que ser\u00e1 <strong>el DEM quien se encargar\u00e1 del cumplimiento de lo estipulado por la ordenanza<\/strong>, en caso de ser aprobada, y que ser\u00e1n sancionadas con tareas comunitarias o multas las personas o empresas que realicen contravenciones a las disposiciones a trav\u00e9s del Juzgado de Faltas Municipal.<\/p>\n<p>&nbsp;<\/p>\n<blockquote><p>De este modo, en palabras del presidente del bloque Juntos, Mart\u00edn Endere -quien tambi\u00e9n es el presidente de la comisi\u00f3n de Infraestructura-, se buscar\u00e1 \u201cllevar adelante la campa\u00f1a pol\u00edtica, evitando la contaminaci\u00f3n visual y en pos de una Olavarr\u00eda m\u00e1s limpia y segura\u201d.<\/p><\/blockquote>\n<p>&nbsp;<\/p>\n","protected":false},"excerpt":{"rendered":"<p>El proyecto ser\u00e1 tratado este lunes en la comisi\u00f3n de Infraestructura. El objetivo es \u201cque llegue a comisi\u00f3n de Legislaci\u00f3n<\/p>\n","protected":false},"author":4,"featured_media":33006,"comment_status":"closed","ping_status":"closed","sticky":false,"template":"","format":"standard","meta":{"_jetpack_memberships_contains_paid_content":false,"footnotes":""},"categories":[4,1],"tags":[],"class_list":["post-85723","post","type-post","status-publish","format-standard","has-post-thumbnail","hentry","category-politica","category-portada"],"jetpack_featured_media_url":"https:\/\/i0.wp.com\/cdnoticias.com\/wp-content\/uploads\/2021\/09\/carteles-y-pasacalles-01.jpg?fit=800%2C444&ssl=1","jetpack_sharing_enabled":true,"_links":{"self":[{"href":"https:\/\/cdnoticias.com\/index.php\/wp-json\/wp\/v2\/posts\/85723","targetHints":{"allow":["GET"]}}],"collection":[{"href":"https:\/\/cdnoticias.com\/index.php\/wp-json\/wp\/v2\/posts"}],"about":[{"href":"https:\/\/cdnoticias.com\/index.php\/wp-json\/wp\/v2\/types\/post"}],"author":[{"embeddable":true,"href":"https:\/\/cdnoticias.com\/index.php\/wp-json\/wp\/v2\/users\/4"}],"replies":[{"embeddable":true,"href":"https:\/\/cdnoticias.com\/index.php\/wp-json\/wp\/v2\/comments?post=85723"}],"version-history":[{"count":0,"href":"https:\/\/cdnoticias.com\/index.php\/wp-json\/wp\/v2\/posts\/85723\/revisions"}],"wp:featuredmedia":[{"embeddable":true,"href":"https:\/\/cdnoticias.com\/index.php\/wp-json\/wp\/v2\/media\/33006"}],"wp:attachment":[{"href":"https:\/\/cdnoticias.com\/index.php\/wp-json\/wp\/v2\/media?parent=85723"}],"wp:term":[{"taxonomy":"category","embeddable":true,"href":"https:\/\/cdnoticias.com\/index.php\/wp-json\/wp\/v2\/categories?post=85723"},{"taxonomy":"post_tag","embeddable":true,"href":"https:\/\/cdnoticias.com\/index.php\/wp-json\/wp\/v2\/tags?post=85723"}],"curies":[{"name":"wp","href":"https:\/\/api.w.org\/{rel}","templated":true}]}}