{"id":85698,"date":"2023-05-20T19:05:13","date_gmt":"2023-05-20T22:05:13","guid":{"rendered":"https:\/\/www.centraldenoticias.com.ar\/?p=85698"},"modified":"2023-05-20T19:09:28","modified_gmt":"2023-05-20T22:09:28","slug":"principio-de-incendio-en-una-vivienda-barrio-trabajadores","status":"publish","type":"post","link":"https:\/\/cdnoticias.com\/index.php\/2023\/05\/20\/principio-de-incendio-en-una-vivienda-barrio-trabajadores\/","title":{"rendered":"Principio de incendio en una vivienda de barrio Trabajadores"},"content":{"rendered":"<p>Se registr\u00f3 en la tarde del s\u00e1bado. Una dotaci\u00f3n de Bomberos concurri\u00f3 a una vivienda de calle 102 y r\u00e1pidamente intervino en el caso.<\/p>\n<p><!--more--><\/p>\n<hr \/>\n<p>En una vivienda de<strong> barrio Trabajadores<\/strong> se declar\u00f3 un <strong>principio de incendio<\/strong> que demand\u00f3 la intervenci\u00f3n de una dotaci\u00f3n de Bomberos en la tarde del s\u00e1bado.<\/p>\n<p>&nbsp;<\/p>\n<p>Seg\u00fan se pudo saber, fue <strong>poco antes de las 17.30<\/strong>. La<strong> Unidad 23 a cargo del suboficial Dar\u00edo Duval<\/strong> concurri\u00f3 a una casa ubicada<strong> en calle 102 al 900.<\/strong><\/p>\n<p>&nbsp;<\/p>\n<p><img data-recalc-dims=\"1\" loading=\"lazy\" decoding=\"async\" class=\"size-full wp-image-85699 aligncenter\" src=\"https:\/\/i0.wp.com\/cdnoticias.com\/wp-content\/uploads\/2023\/05\/incendio-calle-102-b.jpg?resize=800%2C445&#038;ssl=1\" alt=\"\" width=\"800\" height=\"445\" srcset=\"https:\/\/i0.wp.com\/cdnoticias.com\/wp-content\/uploads\/2023\/05\/incendio-calle-102-b.jpg?w=800&amp;ssl=1 800w, https:\/\/i0.wp.com\/cdnoticias.com\/wp-content\/uploads\/2023\/05\/incendio-calle-102-b.jpg?resize=300%2C167&amp;ssl=1 300w, https:\/\/i0.wp.com\/cdnoticias.com\/wp-content\/uploads\/2023\/05\/incendio-calle-102-b.jpg?resize=768%2C427&amp;ssl=1 768w\" sizes=\"auto, (max-width: 800px) 100vw, 800px\" \/><\/p>\n<p>&nbsp;<\/p>\n<p>El principio de incendio se hab\u00eda registrado en una vivienda ubicada en la <strong>parte trasera de un terreno<\/strong>. Los voluntarios<strong> trabajaron r\u00e1pidamente y resolvieron el caso.<\/strong><\/p>\n<p>&nbsp;<\/p>\n<p>Adem\u00e1s, colabor\u00f3 <strong>personal policial del Comando de Prevenci\u00f3n de Olavarr\u00eda.<\/strong><\/p>\n<p>&nbsp;<\/p>\n","protected":false},"excerpt":{"rendered":"<p>Se registr\u00f3 en la tarde del s\u00e1bado. Una dotaci\u00f3n de Bomberos concurri\u00f3 a una vivienda de calle 102 y r\u00e1pidamente<\/p>\n","protected":false},"author":4,"featured_media":85700,"comment_status":"closed","ping_status":"closed","sticky":false,"template":"","format":"standard","meta":{"_jetpack_memberships_contains_paid_content":false,"footnotes":""},"categories":[14,1],"tags":[],"class_list":["post-85698","post","type-post","status-publish","format-standard","has-post-thumbnail","hentry","category-policiales","category-portada"],"jetpack_featured_media_url":"https:\/\/i0.wp.com\/cdnoticias.com\/wp-content\/uploads\/2023\/05\/incendio-calle-102-a.jpg?fit=800%2C445&ssl=1","jetpack_sharing_enabled":true,"_links":{"self":[{"href":"https:\/\/cdnoticias.com\/index.php\/wp-json\/wp\/v2\/posts\/85698","targetHints":{"allow":["GET"]}}],"collection":[{"href":"https:\/\/cdnoticias.com\/index.php\/wp-json\/wp\/v2\/posts"}],"about":[{"href":"https:\/\/cdnoticias.com\/index.php\/wp-json\/wp\/v2\/types\/post"}],"author":[{"embeddable":true,"href":"https:\/\/cdnoticias.com\/index.php\/wp-json\/wp\/v2\/users\/4"}],"replies":[{"embeddable":true,"href":"https:\/\/cdnoticias.com\/index.php\/wp-json\/wp\/v2\/comments?post=85698"}],"version-history":[{"count":0,"href":"https:\/\/cdnoticias.com\/index.php\/wp-json\/wp\/v2\/posts\/85698\/revisions"}],"wp:featuredmedia":[{"embeddable":true,"href":"https:\/\/cdnoticias.com\/index.php\/wp-json\/wp\/v2\/media\/85700"}],"wp:attachment":[{"href":"https:\/\/cdnoticias.com\/index.php\/wp-json\/wp\/v2\/media?parent=85698"}],"wp:term":[{"taxonomy":"category","embeddable":true,"href":"https:\/\/cdnoticias.com\/index.php\/wp-json\/wp\/v2\/categories?post=85698"},{"taxonomy":"post_tag","embeddable":true,"href":"https:\/\/cdnoticias.com\/index.php\/wp-json\/wp\/v2\/tags?post=85698"}],"curies":[{"name":"wp","href":"https:\/\/api.w.org\/{rel}","templated":true}]}}