{"id":85695,"date":"2023-05-20T21:03:38","date_gmt":"2023-05-21T00:03:38","guid":{"rendered":"https:\/\/www.centraldenoticias.com.ar\/?p=85695"},"modified":"2023-05-21T10:15:41","modified_gmt":"2023-05-21T13:15:41","slug":"el-cerro-largo-fue-declarado-reserva-natural-para-la-defensa","status":"publish","type":"post","link":"https:\/\/cdnoticias.com\/index.php\/2023\/05\/20\/el-cerro-largo-fue-declarado-reserva-natural-para-la-defensa\/","title":{"rendered":"El Cerro Largo fue declarado \u201cReserva Natural para la Defensa\u201d"},"content":{"rendered":"<p>Se firm\u00f3 el convenio de colaboraci\u00f3n entre el Ministerio de Defensa de la Naci\u00f3n y la Administraci\u00f3n de Parques Nacionales. \u201cFue un gran paso\u201d destac\u00f3 el subsecretario de Miner\u00eda de la provincia de Buenos Aires, Federico Aguilera.<\/p>\n<p><!--more--><\/p>\n<hr \/>\n<p>Luego de tres a\u00f1os de gestiones y trabajo conjunto con los Vecinos Autoconvocados por la Defensa del Cerro Largo, <strong>se firm\u00f3 el convenio de colaboraci\u00f3n entre el Ministerio de Defensa de la Naci\u00f3n y la Administraci\u00f3n de Parques Nacionales para la creaci\u00f3n de la Reserva Natural de la Defensa \u201cCerro Largo\u201d.<\/strong><\/p>\n<p>&nbsp;<\/p>\n<blockquote><p>&#8220;En las primeras reuniones realizadas en el a\u00f1o 2020 con vecinos, autoridades de Fabricaciones Militares, el Ministerio de Defensa y Parques Nacionales sostuvimos e impulsamos la creaci\u00f3n de esta Reserva. Por eso celebramos este gran logro y noticia para la comunidad de Sierras Bayas y toda la provincia de Buenos Aires&#8221;, destac\u00f3 el subsecretario de Miner\u00eda de la provincia de Buenos Aires, Federico Aguilera.<\/p><\/blockquote>\n<p>&nbsp;<\/p>\n<p>Y agreg\u00f3: &#8220;Desde la Subsecretar\u00eda siempre entendimos y bregamos por la necesidad de lograr una actividad sostenible que pueda convivir con la comunidad y entienda la necesidad de<strong> un cuidado progresivo del ambiente<\/strong> del cual forma parte. El Cerro Largo ya es un s\u00edmbolo de esta mirada. Sabemos que falta mucho, pero este fue un gran paso&#8221;.<\/p>\n<p>&nbsp;<\/p>\n<p><img data-recalc-dims=\"1\" loading=\"lazy\" decoding=\"async\" class=\"size-full wp-image-33957 aligncenter\" src=\"https:\/\/i0.wp.com\/cdnoticias.com\/wp-content\/uploads\/2021\/09\/cerro-largo-cartel-01.jpg?resize=800%2C444&#038;ssl=1\" alt=\"\" width=\"800\" height=\"444\" srcset=\"https:\/\/i0.wp.com\/cdnoticias.com\/wp-content\/uploads\/2021\/09\/cerro-largo-cartel-01.jpg?w=800&amp;ssl=1 800w, https:\/\/i0.wp.com\/cdnoticias.com\/wp-content\/uploads\/2021\/09\/cerro-largo-cartel-01.jpg?resize=300%2C167&amp;ssl=1 300w, https:\/\/i0.wp.com\/cdnoticias.com\/wp-content\/uploads\/2021\/09\/cerro-largo-cartel-01.jpg?resize=768%2C426&amp;ssl=1 768w\" sizes=\"auto, (max-width: 800px) 100vw, 800px\" \/><\/p>\n<p>&nbsp;<\/p>\n<p>La firma de este convenio implica la elaboraci\u00f3n de acciones de planificaci\u00f3n que contemplen las<strong> actividades que se desarrollan en el lugar<\/strong> y el cumplimiento de los <strong>objetivos de conservaci\u00f3n de recursos naturales y culturales<\/strong> presentes.<\/p>\n<p>&nbsp;<\/p>\n<p>Tambi\u00e9n incluir\u00e1 mecanismos institucionales que aseguren una adecuada <strong>gesti\u00f3n de la reserva<\/strong> y la conformaci\u00f3n de un<strong> Comit\u00e9 de Gesti\u00f3n Local<\/strong> con el objetivo de contribuir al cuidado de la biodiversidad y bienes culturales del predio.<\/p>\n<p>&nbsp;<\/p>\n<p>La resoluci\u00f3n nacional lleg\u00f3 a pocos d\u00edas de <strong>una definici\u00f3n local en el mismo sentido<\/strong>: <a href=\"https:\/\/cdnoticias.com\/index.php\/2023\/05\/11\/el-cerro-largo-de-sierras-bayas-es-reserva-natural\/\" target=\"_blank\" rel=\"noopener\">el 11 de mayo, el Concejo Deliberante sancion\u00f3 la ordenanza que cre\u00f3 la \u201creserva natural municipal Cerro Largo\u201d.<\/a><\/p>\n<p>&nbsp;<\/p>\n","protected":false},"excerpt":{"rendered":"<p>Se firm\u00f3 el convenio de colaboraci\u00f3n entre el Ministerio de Defensa de la Naci\u00f3n y la Administraci\u00f3n de Parques Nacionales.<\/p>\n","protected":false},"author":4,"featured_media":85696,"comment_status":"closed","ping_status":"closed","sticky":false,"template":"","format":"standard","meta":{"_jetpack_memberships_contains_paid_content":false,"footnotes":""},"categories":[4,1],"tags":[],"class_list":["post-85695","post","type-post","status-publish","format-standard","has-post-thumbnail","hentry","category-politica","category-portada"],"jetpack_featured_media_url":"https:\/\/i0.wp.com\/cdnoticias.com\/wp-content\/uploads\/2023\/05\/cerro-largo-parapentes.jpg?fit=800%2C445&ssl=1","jetpack_sharing_enabled":true,"_links":{"self":[{"href":"https:\/\/cdnoticias.com\/index.php\/wp-json\/wp\/v2\/posts\/85695","targetHints":{"allow":["GET"]}}],"collection":[{"href":"https:\/\/cdnoticias.com\/index.php\/wp-json\/wp\/v2\/posts"}],"about":[{"href":"https:\/\/cdnoticias.com\/index.php\/wp-json\/wp\/v2\/types\/post"}],"author":[{"embeddable":true,"href":"https:\/\/cdnoticias.com\/index.php\/wp-json\/wp\/v2\/users\/4"}],"replies":[{"embeddable":true,"href":"https:\/\/cdnoticias.com\/index.php\/wp-json\/wp\/v2\/comments?post=85695"}],"version-history":[{"count":0,"href":"https:\/\/cdnoticias.com\/index.php\/wp-json\/wp\/v2\/posts\/85695\/revisions"}],"wp:featuredmedia":[{"embeddable":true,"href":"https:\/\/cdnoticias.com\/index.php\/wp-json\/wp\/v2\/media\/85696"}],"wp:attachment":[{"href":"https:\/\/cdnoticias.com\/index.php\/wp-json\/wp\/v2\/media?parent=85695"}],"wp:term":[{"taxonomy":"category","embeddable":true,"href":"https:\/\/cdnoticias.com\/index.php\/wp-json\/wp\/v2\/categories?post=85695"},{"taxonomy":"post_tag","embeddable":true,"href":"https:\/\/cdnoticias.com\/index.php\/wp-json\/wp\/v2\/tags?post=85695"}],"curies":[{"name":"wp","href":"https:\/\/api.w.org\/{rel}","templated":true}]}}