{"id":85677,"date":"2023-05-20T13:05:01","date_gmt":"2023-05-20T16:05:01","guid":{"rendered":"https:\/\/www.centraldenoticias.com.ar\/?p=85677"},"modified":"2023-05-20T13:05:01","modified_gmt":"2023-05-20T16:05:01","slug":"este-sabado-se-celebra-el-derecho-a-jugar-en-olavarria","status":"publish","type":"post","link":"https:\/\/cdnoticias.com\/index.php\/2023\/05\/20\/este-sabado-se-celebra-el-derecho-a-jugar-en-olavarria\/","title":{"rendered":"Este s\u00e1bado, se celebra el derecho a jugar en Olavarr\u00eda"},"content":{"rendered":"<p>Habr\u00e1 actividades l\u00fadicas y recreativas en la plaza central Coronel Olavarr\u00eda y en el Barrio Villa Magdalena.<!--more--><\/p>\n<hr \/>\n<p>Este<strong> s\u00e1bado <\/strong>se celebrar\u00e1 en nuestra ciudad el <strong>\u201cD\u00eda del derecho al juego\u201d<\/strong> con <strong>actividades l\u00fadicas y recreativas en la plaza central Coronel Olavarr\u00eda y en el Barrio Villa Magdalena. <\/strong><\/p>\n<p>&nbsp;<\/p>\n<p>Durante el mes de mayo diferentes ciudades y provincias del pa\u00eds, nucleadas en el Consejo Federal por el Derecho a Jugar, promover\u00e1n jornadas de juego en escuelas y espacios p\u00fablicos, a fin de desarrollar y afianzar pol\u00edticas p\u00fablicas tendientes a reconocer y garantizar condiciones normativas y ejecutivas sistem\u00e1ticas para el<strong> acceso al derecho al juego.<\/strong><\/p>\n<p>&nbsp;<\/p>\n<p>Desde el a\u00f1o pasado, <strong>Olavarr\u00eda incorpor\u00f3 a su calendario municipal la celebraci\u00f3n por el d\u00eda del derecho al juego<\/strong>, seg\u00fan la Ordenanza del HCD N\u00b0 4961\/22.<\/p>\n<p>&nbsp;<\/p>\n<p>La iniciativa se llev\u00f3 a cabo desde el Observatorio de Ni\u00f1ez y Adolescencia de la Facultad de Ciencias Sociales, en el marco del Programa Integral de Extensi\u00f3n \u201cInfancias, Derechos y Juventudes\u201d de la Universidad Nacional del Centro de la Provincia de Buenos Aires. Las actividades se replicaron en Azul y Tandil, abarcando as\u00ed las tres sedes de la Universidad.<\/p>\n<p>&nbsp;<\/p>\n<p>Este a\u00f1o, y con la conformaci\u00f3n de una comisi\u00f3n de trabajo multisectorial, tal como establece la ordenanza, se propondr\u00e1n diversas actividades recreativas bajo la consigna propuesta por el Consejo Federal <strong>\u201cPiedra libre estamos jugando\u201d<\/strong>.<\/p>\n<p>&nbsp;<\/p>\n<p><strong>Cronograma\u00a0<\/strong><\/p>\n<p>&nbsp;<\/p>\n<p>En <strong>Rivadavia y General Paz<\/strong> (plaza central Coronel Olavarr\u00eda)<strong> a partir de las 14:30 y hasta las 17:00<\/strong> se desarrollar\u00e1n propuestas l\u00fadicas y art\u00edsticas por parte del ISFD N\u00b0 47, la carrera del Profesorado en Educaci\u00f3n Inicial de INSRO, el Jard\u00edn Maternal Upa La L\u00e1 (UNICEN) y el grupo Scouts de Nuestra Se\u00f1ora de F\u00e1tima.<\/p>\n<p>&nbsp;<\/p>\n<p>Adem\u00e1s, quienes asistan podr\u00e1n participar del taller <strong>\u201cJugar en mi barrio, jugar en mi ciudad\u201d<\/strong> a fin de construir un manifiesto que deje sentado sus necesidades e intereses respecto de su derecho a jugar en sus entornos m\u00e1s cercanos, d\u00e1ndole protagonismo a su propia voz. La actividad cuenta con el apoyo de la Subsecretar\u00eda de Derechos, Igualdad y Oportunidades de la Municipalidad de Olavarr\u00eda.<\/p>\n<p>&nbsp;<\/p>\n<p>En el <strong>Barrio Villa Magdalena<\/strong>, tambi\u00e9n de<strong> 14:30 a 17:00,<\/strong> en la intersecci\u00f3n de <strong>Necochea y C\u00f3rdoba,<\/strong> el Proyecto de Extensi\u00f3n \u201c<strong>Queremos Jugar<\/strong>\u201d de la Facultad de Ciencias de la Salud desarrollar\u00e1 una propuesta l\u00fadica que incluye un taller de cer\u00e1mica, juegos al aire libre, merienda y cierre animado.<\/p>\n<p>&nbsp;<\/p>\n<p><img data-recalc-dims=\"1\" loading=\"lazy\" decoding=\"async\" class=\"aligncenter wp-image-85678 size-full\" src=\"https:\/\/i0.wp.com\/cdnoticias.com\/wp-content\/uploads\/2023\/05\/Piedra-libre-estamos-jugando.jpg?resize=800%2C800&#038;ssl=1\" alt=\"\" width=\"800\" height=\"800\" srcset=\"https:\/\/i0.wp.com\/cdnoticias.com\/wp-content\/uploads\/2023\/05\/Piedra-libre-estamos-jugando.jpg?w=1000&amp;ssl=1 1000w, https:\/\/i0.wp.com\/cdnoticias.com\/wp-content\/uploads\/2023\/05\/Piedra-libre-estamos-jugando.jpg?resize=300%2C300&amp;ssl=1 300w, https:\/\/i0.wp.com\/cdnoticias.com\/wp-content\/uploads\/2023\/05\/Piedra-libre-estamos-jugando.jpg?resize=150%2C150&amp;ssl=1 150w, https:\/\/i0.wp.com\/cdnoticias.com\/wp-content\/uploads\/2023\/05\/Piedra-libre-estamos-jugando.jpg?resize=768%2C768&amp;ssl=1 768w\" sizes=\"auto, (max-width: 800px) 100vw, 800px\" \/><\/p>\n<p>&nbsp;<\/p>\n<p>Dicho proyecto busca impulsar espacios de juego para las infancias y sus familias en el barrio Villa Magdalena perteneciente al Punto de Extensi\u00f3n Territorial de la UNICEN.<\/p>\n<p>&nbsp;<\/p>\n<p>Forman parte de la propuesta distintas instituciones, organizaciones sociales, vecinos y vecinas, que enriquecen as\u00ed la articulaci\u00f3n y trabajo intersectorial. Participan: Nido Villa Magdalena, CAPS N\u00b0 16, Asamblea Barrios Verdes, Jard\u00edn Maternal Upa La L\u00e1 (UNICEN), Observatorio de la Ni\u00f1ez y Adolescencia y vecinos y vecinas del barrio.<\/p>\n<p>&nbsp;<\/p>\n<p>Asimismo en la <strong>Biblioteca del Otro lado Del \u00c1rbol<\/strong>, se jugar\u00e1 como cada s\u00e1bado en adhesi\u00f3n a la propuesta y bajo la consigna \u201cPiedra Libre: estamos jugando\u201d. Tambi\u00e9n lo har\u00e1 la Secretar\u00eda de Deportes del Municipio con los torneos deportivos que organiza para ese d\u00eda.<\/p>\n<p>&nbsp;<\/p>\n<p>Por \u00faltimo, se extender\u00e1 una propuesta espec\u00edfica para instituciones educativas y programas municipales destinados a infancias y adolescencias. Dicha convocatoria tiene como objetivo que entre el 18 y el 24 de mayo, las infancias y juventudes dediquen un momento de su jornada escolar a celebrar el derecho a jugar a trav\u00e9s de la propuesta<em><strong> \u00bfA qu\u00e9 juegan las infancias al otro lado del mundo?<\/strong><\/em><\/p>\n","protected":false},"excerpt":{"rendered":"<p>Habr\u00e1 actividades l\u00fadicas y recreativas en la plaza central Coronel Olavarr\u00eda y en el Barrio Villa Magdalena.<\/p>\n","protected":false},"author":6,"featured_media":85679,"comment_status":"closed","ping_status":"closed","sticky":false,"template":"","format":"standard","meta":{"_jetpack_memberships_contains_paid_content":false,"footnotes":""},"categories":[5,1],"tags":[],"class_list":["post-85677","post","type-post","status-publish","format-standard","has-post-thumbnail","hentry","category-informacion-general","category-portada"],"jetpack_featured_media_url":"https:\/\/i0.wp.com\/cdnoticias.com\/wp-content\/uploads\/2023\/05\/Primer-jornada-2022.jpg?fit=1000%2C667&ssl=1","jetpack_sharing_enabled":true,"_links":{"self":[{"href":"https:\/\/cdnoticias.com\/index.php\/wp-json\/wp\/v2\/posts\/85677","targetHints":{"allow":["GET"]}}],"collection":[{"href":"https:\/\/cdnoticias.com\/index.php\/wp-json\/wp\/v2\/posts"}],"about":[{"href":"https:\/\/cdnoticias.com\/index.php\/wp-json\/wp\/v2\/types\/post"}],"author":[{"embeddable":true,"href":"https:\/\/cdnoticias.com\/index.php\/wp-json\/wp\/v2\/users\/6"}],"replies":[{"embeddable":true,"href":"https:\/\/cdnoticias.com\/index.php\/wp-json\/wp\/v2\/comments?post=85677"}],"version-history":[{"count":0,"href":"https:\/\/cdnoticias.com\/index.php\/wp-json\/wp\/v2\/posts\/85677\/revisions"}],"wp:featuredmedia":[{"embeddable":true,"href":"https:\/\/cdnoticias.com\/index.php\/wp-json\/wp\/v2\/media\/85679"}],"wp:attachment":[{"href":"https:\/\/cdnoticias.com\/index.php\/wp-json\/wp\/v2\/media?parent=85677"}],"wp:term":[{"taxonomy":"category","embeddable":true,"href":"https:\/\/cdnoticias.com\/index.php\/wp-json\/wp\/v2\/categories?post=85677"},{"taxonomy":"post_tag","embeddable":true,"href":"https:\/\/cdnoticias.com\/index.php\/wp-json\/wp\/v2\/tags?post=85677"}],"curies":[{"name":"wp","href":"https:\/\/api.w.org\/{rel}","templated":true}]}}