{"id":85661,"date":"2023-05-20T15:01:22","date_gmt":"2023-05-20T18:01:22","guid":{"rendered":"https:\/\/www.centraldenoticias.com.ar\/?p=85661"},"modified":"2023-05-20T15:01:22","modified_gmt":"2023-05-20T18:01:22","slug":"eduardo-rodriguez-participo-de-la-mesa-del-frente-renovador","status":"publish","type":"post","link":"https:\/\/cdnoticias.com\/index.php\/2023\/05\/20\/eduardo-rodriguez-participo-de-la-mesa-del-frente-renovador\/","title":{"rendered":"Eduardo Rodr\u00edguez particip\u00f3 de la Mesa del Frente Renovador"},"content":{"rendered":"<p>Fue en la tarde de este viernes en San Fernando y estuvo encabezada por Sergio Massa. El encuentro tuvo por objetivo la convocatoria al Congreso que el espacio llevar\u00e1 adelante el pr\u00f3ximo 10 de junio.<!--more--><\/p>\n<hr \/>\n<p>Este viernes por la tarde, <strong>Eduardo Rodr\u00edguez<\/strong>, referente del Foro Olavarr\u00eda &#8211; Frente Renovador, <strong>particip\u00f3 de la Mesa del Frente Renovador<\/strong> en San Fernando, la cual tuvo por objetivo la <strong>convocatoria al Congreso<\/strong> que el espacio llevar\u00e1 adelante el <strong>pr\u00f3ximo 10 de junio<\/strong>.<\/p>\n<p>&nbsp;<\/p>\n<p>El encuentro, que convoc\u00f3 a distintos referentes del espacio, estuvo <strong>encabezado <\/strong>por su m\u00e1ximo referente,<strong> Sergio Massa, <\/strong>quien\u00a0destac\u00f3 la importancia de acompa\u00f1ar la Mesa del Frente Renovador \u201c<em>porque es clave que, el 10 de junio cuando hagamos el Congreso, fijemos una posici\u00f3n pol\u00edtica definitiva de cara a las elecciones\u201d.<\/em><\/p>\n<p>&nbsp;<\/p>\n<p>Por su parte, Eduardo Rodr\u00edguez indic\u00f3: &#8220;<em><strong>C\u00f3mo se\u00f1al\u00f3 el Ministro Sergio Massa, es clave generar orden pol\u00edtico y consensos entre los distintos sectores sociales para construir proyectos y dar respuestas a los obst\u00e1culos que la Argentina atraviesa en la actualidad\u201d.<\/strong><\/em><\/p>\n<p>&nbsp;<\/p>\n<p>Entre los dirigentes presentes en la Mesa del Frente Renovador se destac\u00f3 la participaci\u00f3n del secretario de Industria y Desarrollo Productivo, Ignacio \u201cVasco\u201d de Mendiguren; la titular de AySA, Malena Galmarini; el ministro de Transporte, Diego Giuliano; el director del Banco Naci\u00f3n, Sebasti\u00e1n Galmarni; la presidenta de la C\u00e1mara de Diputados, Cecilia Moreau; el ministro de Transporte bonaerense, Jorge D\u2019 Onofrio; el gobernador de Chubut, Mariano Arcioni; el intendente de San Fernando, Juan Andreotti; el legislador bonaerense Rub\u00e9n Eslaiman; y el triunviro de la CGT, Carlos Acu\u00f1a, entre otros.<\/p>\n","protected":false},"excerpt":{"rendered":"<p>Fue en la tarde de este viernes en San Fernando y estuvo encabezada por Sergio Massa. El encuentro tuvo por<\/p>\n","protected":false},"author":6,"featured_media":85662,"comment_status":"closed","ping_status":"closed","sticky":false,"template":"","format":"standard","meta":{"_jetpack_memberships_contains_paid_content":false,"footnotes":""},"categories":[4,1],"tags":[],"class_list":["post-85661","post","type-post","status-publish","format-standard","has-post-thumbnail","hentry","category-politica","category-portada"],"jetpack_featured_media_url":"https:\/\/i0.wp.com\/cdnoticias.com\/wp-content\/uploads\/2023\/05\/Eduardo-Rodriguez-Massa-Mesa-FR.jpg?fit=1280%2C959&ssl=1","jetpack_sharing_enabled":true,"_links":{"self":[{"href":"https:\/\/cdnoticias.com\/index.php\/wp-json\/wp\/v2\/posts\/85661","targetHints":{"allow":["GET"]}}],"collection":[{"href":"https:\/\/cdnoticias.com\/index.php\/wp-json\/wp\/v2\/posts"}],"about":[{"href":"https:\/\/cdnoticias.com\/index.php\/wp-json\/wp\/v2\/types\/post"}],"author":[{"embeddable":true,"href":"https:\/\/cdnoticias.com\/index.php\/wp-json\/wp\/v2\/users\/6"}],"replies":[{"embeddable":true,"href":"https:\/\/cdnoticias.com\/index.php\/wp-json\/wp\/v2\/comments?post=85661"}],"version-history":[{"count":0,"href":"https:\/\/cdnoticias.com\/index.php\/wp-json\/wp\/v2\/posts\/85661\/revisions"}],"wp:featuredmedia":[{"embeddable":true,"href":"https:\/\/cdnoticias.com\/index.php\/wp-json\/wp\/v2\/media\/85662"}],"wp:attachment":[{"href":"https:\/\/cdnoticias.com\/index.php\/wp-json\/wp\/v2\/media?parent=85661"}],"wp:term":[{"taxonomy":"category","embeddable":true,"href":"https:\/\/cdnoticias.com\/index.php\/wp-json\/wp\/v2\/categories?post=85661"},{"taxonomy":"post_tag","embeddable":true,"href":"https:\/\/cdnoticias.com\/index.php\/wp-json\/wp\/v2\/tags?post=85661"}],"curies":[{"name":"wp","href":"https:\/\/api.w.org\/{rel}","templated":true}]}}