{"id":8562,"date":"2020-12-09T18:09:30","date_gmt":"2020-12-09T21:09:30","guid":{"rendered":"http:\/\/www.centraldenoticias.com.ar\/?p=8562"},"modified":"2020-12-09T18:09:30","modified_gmt":"2020-12-09T21:09:30","slug":"se-registraron-16-nuevos-casos-de-coronavirus-en-olavarria","status":"publish","type":"post","link":"https:\/\/cdnoticias.com\/index.php\/2020\/12\/09\/se-registraron-16-nuevos-casos-de-coronavirus-en-olavarria\/","title":{"rendered":"Se registraron 16 nuevos casos de coronavirus en Olavarr\u00eda"},"content":{"rendered":"<p>&nbsp;<\/p>\n<p>Adem\u00e1s, 13 pacientes recibieron el alta m\u00e9dica y se descartaron 76 casos sospechosos. Del total de los casos de la jornada, 4 corresponden al Programa RTA.<!--more--><\/p>\n<hr \/>\n<p>La Secretar\u00eda de Salud del Gobierno Municipal inform\u00f3 que este mi\u00e9rcoles <strong>se registraron 16 nuevos casos de Covid-19 en el partido de Olavarr\u00eda.<\/strong> En tanto, hubo 13 pacientes que recibieron el alta m\u00e9dica y se descartaron 76 casos sospechosos.<\/p>\n<p>&nbsp;<\/p>\n<p>De esta forma y a partir de los n\u00fameros arrojados, <strong>el total de pacientes activos es de 107.<\/strong><\/p>\n<p>&nbsp;<\/p>\n<p><img data-recalc-dims=\"1\" loading=\"lazy\" decoding=\"async\" class=\"alignnone size-large wp-image-8564\" src=\"https:\/\/i0.wp.com\/cdnoticias.com\/wp-content\/uploads\/2020\/12\/parte-4.jpg?resize=800%2C407&#038;ssl=1\" alt=\"\" width=\"800\" height=\"407\" srcset=\"https:\/\/i0.wp.com\/cdnoticias.com\/wp-content\/uploads\/2020\/12\/parte-4.jpg?resize=1024%2C521&amp;ssl=1 1024w, https:\/\/i0.wp.com\/cdnoticias.com\/wp-content\/uploads\/2020\/12\/parte-4.jpg?resize=300%2C153&amp;ssl=1 300w, https:\/\/i0.wp.com\/cdnoticias.com\/wp-content\/uploads\/2020\/12\/parte-4.jpg?resize=768%2C390&amp;ssl=1 768w, https:\/\/i0.wp.com\/cdnoticias.com\/wp-content\/uploads\/2020\/12\/parte-4.jpg?w=1184&amp;ssl=1 1184w\" sizes=\"auto, (max-width: 800px) 100vw, 800px\" \/><\/p>\n<p>&nbsp;<\/p>\n<p>Con respecto a los testeos realizados durante esta jornada, se inform\u00f3 que<strong> se concretaron 92<\/strong> y m\u00e1s de 12.100 desde el comienzo de la pandemia.<\/p>\n<p>&nbsp;<\/p>\n<p>&nbsp;<\/p>\n<p><strong>Los positivos de este mi\u00e9rcoles corresponden a nexos con casos anteriores.<\/strong> Por otra parte, de los 16 casos, <strong>4 fueron detectados en el Programa RTA<\/strong> que se llev\u00f3 a cabo en el Paseo de la Salud.<\/p>\n<p>&nbsp;<\/p>\n<p><img data-recalc-dims=\"1\" loading=\"lazy\" decoding=\"async\" class=\"alignnone size-large wp-image-8563\" src=\"https:\/\/i0.wp.com\/cdnoticias.com\/wp-content\/uploads\/2020\/12\/parte02.jpg?resize=800%2C405&#038;ssl=1\" alt=\"\" width=\"800\" height=\"405\" srcset=\"https:\/\/i0.wp.com\/cdnoticias.com\/wp-content\/uploads\/2020\/12\/parte02.jpg?resize=1024%2C519&amp;ssl=1 1024w, https:\/\/i0.wp.com\/cdnoticias.com\/wp-content\/uploads\/2020\/12\/parte02.jpg?resize=300%2C152&amp;ssl=1 300w, https:\/\/i0.wp.com\/cdnoticias.com\/wp-content\/uploads\/2020\/12\/parte02.jpg?resize=768%2C389&amp;ssl=1 768w, https:\/\/i0.wp.com\/cdnoticias.com\/wp-content\/uploads\/2020\/12\/parte02.jpg?w=1132&amp;ssl=1 1132w\" sizes=\"auto, (max-width: 800px) 100vw, 800px\" \/><\/p>\n<p>&nbsp;<\/p>\n<p>Sobre el estado actual del Hospital Municipal \u201cDr. H\u00e9ctor Cura\u201d se indic\u00f3 que <strong>hay 4 pacientes en Unidad de Terapia Intensiva y 7 en Cuidados Generales.<\/strong><\/p>\n<p>&nbsp;<\/p>\n<p>En este sentido, desde la Secretar\u00eda de Salud Municipal aseguraron que <strong>el 87% de los casos positivos corresponden a personas con menos de 60 a\u00f1os y el 13% a mayores de 60 a\u00f1os.<\/strong><\/p>\n","protected":false},"excerpt":{"rendered":"<p>&nbsp; Adem\u00e1s, 13 pacientes recibieron el alta m\u00e9dica y se descartaron 76 casos sospechosos. Del total de los casos de<\/p>\n","protected":false},"author":5,"featured_media":5322,"comment_status":"closed","ping_status":"closed","sticky":false,"template":"","format":"standard","meta":{"_jetpack_memberships_contains_paid_content":false,"footnotes":""},"categories":[5,1],"tags":[],"class_list":["post-8562","post","type-post","status-publish","format-standard","has-post-thumbnail","hentry","category-informacion-general","category-portada"],"jetpack_featured_media_url":"https:\/\/i0.wp.com\/cdnoticias.com\/wp-content\/uploads\/2020\/10\/Salud-Testeos-Intensivos-Paseo-de-la-salud-4.jpg?fit=1968%2C1312&ssl=1","jetpack_sharing_enabled":true,"_links":{"self":[{"href":"https:\/\/cdnoticias.com\/index.php\/wp-json\/wp\/v2\/posts\/8562","targetHints":{"allow":["GET"]}}],"collection":[{"href":"https:\/\/cdnoticias.com\/index.php\/wp-json\/wp\/v2\/posts"}],"about":[{"href":"https:\/\/cdnoticias.com\/index.php\/wp-json\/wp\/v2\/types\/post"}],"author":[{"embeddable":true,"href":"https:\/\/cdnoticias.com\/index.php\/wp-json\/wp\/v2\/users\/5"}],"replies":[{"embeddable":true,"href":"https:\/\/cdnoticias.com\/index.php\/wp-json\/wp\/v2\/comments?post=8562"}],"version-history":[{"count":0,"href":"https:\/\/cdnoticias.com\/index.php\/wp-json\/wp\/v2\/posts\/8562\/revisions"}],"wp:featuredmedia":[{"embeddable":true,"href":"https:\/\/cdnoticias.com\/index.php\/wp-json\/wp\/v2\/media\/5322"}],"wp:attachment":[{"href":"https:\/\/cdnoticias.com\/index.php\/wp-json\/wp\/v2\/media?parent=8562"}],"wp:term":[{"taxonomy":"category","embeddable":true,"href":"https:\/\/cdnoticias.com\/index.php\/wp-json\/wp\/v2\/categories?post=8562"},{"taxonomy":"post_tag","embeddable":true,"href":"https:\/\/cdnoticias.com\/index.php\/wp-json\/wp\/v2\/tags?post=8562"}],"curies":[{"name":"wp","href":"https:\/\/api.w.org\/{rel}","templated":true}]}}