{"id":85615,"date":"2023-05-20T10:00:11","date_gmt":"2023-05-20T13:00:11","guid":{"rendered":"https:\/\/www.centraldenoticias.com.ar\/?p=85615"},"modified":"2023-05-20T10:01:02","modified_gmt":"2023-05-20T13:01:02","slug":"cementos-avellaneda-esto-no-es-solo-un-proyecto-de-la-empresa","status":"publish","type":"post","link":"https:\/\/cdnoticias.com\/index.php\/2023\/05\/20\/cementos-avellaneda-esto-no-es-solo-un-proyecto-de-la-empresa\/","title":{"rendered":"Cementos Avellaneda: \u201cEsto no es solo un proyecto de la empresa\u201d"},"content":{"rendered":"<p>La construcci\u00f3n del nuevo camino vecinal tiene 60% de avance, finalizar\u00e1 entre agosto y septiembre. La inversi\u00f3n es de 500 millones de pesos para todo el desarrollo.<\/p>\n<p><!--more--><\/p>\n<hr \/>\n<p><strong>La empresa Cementos Avellaneda<\/strong> <a href=\"https:\/\/cdnoticias.com\/index.php\/2023\/05\/20\/se-presento-el-nuevo-trazado-del-camino-vecinal-de-la-cabanita\/\" target=\"_blank\" rel=\"noopener\">present\u00f3 el avance de obra de la construcci\u00f3n del nuevo camino vecinal que rodea al yacimiento La Caba\u00f1ita<\/a> donde se desarrolla adem\u00e1s un \u201cSendero Interpretativo\u201d que contempla aspectos paisaj\u00edsticos, geol\u00f3gicos, paleontol\u00f3gicos e hist\u00f3ricos. Sobre el tema, hablaron <strong>el director general de Cementos Avellaneda, Jos\u00e9 Luis Maestri; el director de Asuntos Corporativos y Legales de la empresa, Sebasti\u00e1n Heller; y el director de producci\u00f3n y jefe de la planta Olavarr\u00eda de la cementera, Ricardo Graselli<\/strong>.<\/p>\n<p>&nbsp;<\/p>\n<p>Expresaron que la obra cuenta actualmente con un <strong>60% de avance, finalizar\u00e1 entre agosto y septiembre<\/strong> la construcci\u00f3n del camino. La inversi\u00f3n de la empresa es de<strong> 500 millones de pesos<\/strong> para todo el desarrollo.<\/p>\n<p>&nbsp;<\/p>\n<p><img data-recalc-dims=\"1\" loading=\"lazy\" decoding=\"async\" class=\"size-full wp-image-85637 aligncenter\" src=\"https:\/\/i0.wp.com\/cdnoticias.com\/wp-content\/uploads\/2023\/05\/cementos-avellaneda-nuevo-camino-vecinal.jpg?resize=800%2C445&#038;ssl=1\" alt=\"\" width=\"800\" height=\"445\" srcset=\"https:\/\/i0.wp.com\/cdnoticias.com\/wp-content\/uploads\/2023\/05\/cementos-avellaneda-nuevo-camino-vecinal.jpg?w=800&amp;ssl=1 800w, https:\/\/i0.wp.com\/cdnoticias.com\/wp-content\/uploads\/2023\/05\/cementos-avellaneda-nuevo-camino-vecinal.jpg?resize=300%2C167&amp;ssl=1 300w, https:\/\/i0.wp.com\/cdnoticias.com\/wp-content\/uploads\/2023\/05\/cementos-avellaneda-nuevo-camino-vecinal.jpg?resize=768%2C427&amp;ssl=1 768w\" sizes=\"auto, (max-width: 800px) 100vw, 800px\" \/><\/p>\n<p>&nbsp;<\/p>\n<p>Adem\u00e1s, estuvo <strong>el intendente Ezequiel Galli quien destac\u00f3 estos avances<\/strong> ya que la firma minera <em>\u201chab\u00eda asumido un compromiso de trabajar sobre el patrimonio sociocultural, paleontol\u00f3gico y antropol\u00f3gico y brindar las condiciones para que Olavarr\u00eda tenga un nuevo lugar de interpretaci\u00f3n tur\u00edstica, un lugar para hacer deportes y para tantas actividades que se pueden desarrollar\u201d<\/em>.<\/p>\n<p>&nbsp;<\/p>\n<p><span style=\"text-decoration: underline;\"><strong>La obra<\/strong><\/span><\/p>\n<p>&nbsp;<\/p>\n<blockquote><p>\u201cEl grado de avance estamos en el orden del 60% del cronograma. Nosotros tenemos previsto seguir avanzando. El proyecto tiene varias etapas y contempla no solo construir el camino sino que contempla bastantes tareas que hacen a la remediaci\u00f3n y a la reforestaci\u00f3n de toda la zona. Tenemos tambi\u00e9n un trabajo muy grande en la construcci\u00f3n de todas las postas que van a ir acompa\u00f1ando el trayecto de camino y que terminan en el Centro de Interpretaci\u00f3n del Horno de Fasacal y esa parte es la que nos va a demorar un poco m\u00e1s de tiempo\u201d respondi\u00f3 Heller ante la consulta por el avance de los trabajos.<\/p><\/blockquote>\n<p>&nbsp;<\/p>\n<p>\u201cLa obra del camino podr\u00e1 estar terminada para agosto o septiembre de este a\u00f1o. Pero luego, <strong>lo que implica el proyecto con el centro de interpretaci\u00f3n y todas las postas, creemos que pueden estar terminadas para mediados del a\u00f1o pr\u00f3ximo\u201d<\/strong> aclar\u00f3 el director de Asuntos Corporativos.<\/p>\n<p>&nbsp;<\/p>\n<p><img data-recalc-dims=\"1\" loading=\"lazy\" decoding=\"async\" class=\"size-full wp-image-85635 aligncenter\" src=\"https:\/\/i0.wp.com\/cdnoticias.com\/wp-content\/uploads\/2023\/05\/cementos-avellaneda-conferencia-03-heller-graselli.jpg?resize=800%2C445&#038;ssl=1\" alt=\"\" width=\"800\" height=\"445\" srcset=\"https:\/\/i0.wp.com\/cdnoticias.com\/wp-content\/uploads\/2023\/05\/cementos-avellaneda-conferencia-03-heller-graselli.jpg?w=800&amp;ssl=1 800w, https:\/\/i0.wp.com\/cdnoticias.com\/wp-content\/uploads\/2023\/05\/cementos-avellaneda-conferencia-03-heller-graselli.jpg?resize=300%2C167&amp;ssl=1 300w, https:\/\/i0.wp.com\/cdnoticias.com\/wp-content\/uploads\/2023\/05\/cementos-avellaneda-conferencia-03-heller-graselli.jpg?resize=768%2C427&amp;ssl=1 768w\" sizes=\"auto, (max-width: 800px) 100vw, 800px\" \/><\/p>\n<p>&nbsp;<\/p>\n<p><span style=\"text-decoration: underline;\"><strong>Desaf\u00edos<\/strong><\/span><\/p>\n<p>&nbsp;<\/p>\n<p>Los tres directivos de Cementos Avellaneda hicieron hincapi\u00e9 en que <strong>son originarios de Olavarr\u00eda<\/strong>. Heller subray\u00f3 que <em>\u201ccomo olavarriense y tambi\u00e9n como una persona que naci\u00f3 aqu\u00ed, en la villa que estaba alrededor de la f\u00e1brica -lo mismo que Ricardo-, sentimos una gran responsabilidad en nuestras operaciones\u201d<\/em>.<\/p>\n<p>&nbsp;<\/p>\n<p>\u201cMuchos de los que componemos Cemento de Avellaneda, Jos\u00e9 Luis lo remarcaba hoy tambi\u00e9n que es olavarriense. Eso de hecho genera un sentido de pertenencia. Pero <strong>Cementos Avellaneda en general y dentro de sus valores tiene la responsabilidad y el compromiso como sus pilares\u201d agreg\u00f3 Graselli.<\/strong><\/p>\n<p>&nbsp;<\/p>\n<p>Heller tuvo en cuenta que al momento de pensar el desarrollo de este proyecto, se parti\u00f3 de la idea del impacto que ya ten\u00eda \u201cEl Mirador\u201d ubicado al inicio del yacimiento La Caba\u00f1ita.<strong> \u201cEl mayor desaf\u00edo fue saber que \u00edbamos a afectar un camino que era valorado por la comunidad y poder pensar y definir c\u00f3mo \u00edbamos a mejor esa situaci\u00f3n<\/strong> y de alguna forma proponer a la sociedad una soluci\u00f3n, digamos, mejoradora\u201d. En ese marco, resalt\u00f3 la b\u00fasqueda de profesionales de la Unicen, en la Facultad de Ciencias Sociales de Olavarr\u00eda, y el trabajo conjunto con diversas partes interesadas en el proyecto.<\/p>\n<p>&nbsp;<\/p>\n<p><img data-recalc-dims=\"1\" loading=\"lazy\" decoding=\"async\" class=\"size-full wp-image-85642 aligncenter\" src=\"https:\/\/i0.wp.com\/cdnoticias.com\/wp-content\/uploads\/2023\/05\/cementos-avellaneda-recorrida-00.jpg?resize=800%2C445&#038;ssl=1\" alt=\"\" width=\"800\" height=\"445\" srcset=\"https:\/\/i0.wp.com\/cdnoticias.com\/wp-content\/uploads\/2023\/05\/cementos-avellaneda-recorrida-00.jpg?w=800&amp;ssl=1 800w, https:\/\/i0.wp.com\/cdnoticias.com\/wp-content\/uploads\/2023\/05\/cementos-avellaneda-recorrida-00.jpg?resize=300%2C167&amp;ssl=1 300w, https:\/\/i0.wp.com\/cdnoticias.com\/wp-content\/uploads\/2023\/05\/cementos-avellaneda-recorrida-00.jpg?resize=768%2C427&amp;ssl=1 768w\" sizes=\"auto, (max-width: 800px) 100vw, 800px\" \/><\/p>\n<p>&nbsp;<\/p>\n<blockquote><p>\u201cEsto no es solo un proyecto de la empresa. La empresa obviamente que es un facilitador y es una parte sumamente interesada porque es necesario para nuestro desarrollo. Pero es muy importante el aporte que hicieron todos los profesionales que intervinieron\u201d enfatiz\u00f3 el director.<\/p><\/blockquote>\n<p>&nbsp;<\/p>\n<p><strong>\u201cLa sostenibilidad est\u00e1 el ADN de la empresa y de nuestros accionistas.<\/strong> Aqu\u00ed nosotros somos funcionarios estamos, ma\u00f1ana no estaremos, pero hay un ADN y hay unos principios que acompa\u00f1a a la empresa desde sus or\u00edgenes y que de alguna forma nos dan el apoyo para poder encarar este tipo de proyectos\u201d agreg\u00f3.<\/p>\n<p>&nbsp;<\/p>\n<p><span style=\"text-decoration: underline;\"><strong>Desde El Mirador hasta el Centro de Interpretaci\u00f3n<\/strong><\/span><\/p>\n<p>&nbsp;<\/p>\n<p>Ricardo Graselli record\u00f3 que el inicio de lo que hoy es la construcci\u00f3n del Sendero de Interpretaci\u00f3n fue <strong>El Mirador que se construy\u00f3 hacia 2014<\/strong>. \u201cEl mirador nace de una etapa de la explotaci\u00f3n, del inicio de una explotaci\u00f3n de un nuevo yacimiento el cual era atravesado por un camino vecinal. Ah\u00ed comenzaron a haber obras importantes de movimiento de suelo y vimos que la comunidad se acercaba hacia el lugar. Por eso sali\u00f3 esta idea de darle un espacio, un espacio de manera creativa, con comunicaci\u00f3n y poniendo todo esto que tenemos dentro del mirador, como son las figuras de la fauna extinta, explicar nuestros proyectos paleontol\u00f3gicos, qu\u00e9 hacemos con los hallazgos, mostrar la estratigraf\u00eda del yacimiento. Tiene un componente tambi\u00e9n educativo importante\u201d.<\/p>\n<p>&nbsp;<\/p>\n<blockquote><p>Jos\u00e9 Luis Maestri expres\u00f3 que en aquel momento de inicio \u201cla explotaci\u00f3n de La Caba\u00f1ita arranc\u00f3 pr\u00e1cticamente en el puente. Entonces la gente se paraba en el puente a mirar porque era algo llamativo, tener todo el pit disponible con las m\u00e1quinas ah\u00ed abajo. Era algo bastante inusual y entonces surgi\u00f3 la idea del mirador\u201d. Hizo hincapi\u00e9 en que \u201cm\u00e1s de 170.000 personas han pasado por el mirador y no solamente gente de Olavarr\u00eda, sino viajeros que pasan que lo tienen como un punto de inter\u00e9s. Lo googlean, van, dejan adem\u00e1s sus referencias en las redes\u201d expres\u00f3.<\/p><\/blockquote>\n<p>&nbsp;<\/p>\n<p><img data-recalc-dims=\"1\" loading=\"lazy\" decoding=\"async\" class=\"size-full wp-image-85636 aligncenter\" src=\"https:\/\/i0.wp.com\/cdnoticias.com\/wp-content\/uploads\/2023\/05\/cementos-avellaneda-conferencia-04-maestri-heller.jpg?resize=800%2C445&#038;ssl=1\" alt=\"\" width=\"800\" height=\"445\" srcset=\"https:\/\/i0.wp.com\/cdnoticias.com\/wp-content\/uploads\/2023\/05\/cementos-avellaneda-conferencia-04-maestri-heller.jpg?w=800&amp;ssl=1 800w, https:\/\/i0.wp.com\/cdnoticias.com\/wp-content\/uploads\/2023\/05\/cementos-avellaneda-conferencia-04-maestri-heller.jpg?resize=300%2C167&amp;ssl=1 300w, https:\/\/i0.wp.com\/cdnoticias.com\/wp-content\/uploads\/2023\/05\/cementos-avellaneda-conferencia-04-maestri-heller.jpg?resize=768%2C427&amp;ssl=1 768w\" sizes=\"auto, (max-width: 800px) 100vw, 800px\" \/><\/p>\n<p>&nbsp;<\/p>\n<p>El director general apunt\u00f3 a que ese mirador deja de funcionar como tal con el avance de la explotaci\u00f3n y de la remediaci\u00f3n de suelo. \u201cAhora con este tema de sustentabilidad y restauraci\u00f3n nosotros implementamos el sistema de retrollenados. Es decir, material est\u00e9ril que sacamos de un lado lo ubicamos en el espacio donde ya fue extra\u00edda la piedra caliza. Entonces <strong>el mirador, desde donde antes se ve\u00eda toda la explotaci\u00f3n, de pronto se fue transformando y lo que ve\u00edamos es un campo.<\/strong> Adelante del mirador original, si hoy ven es campo con un pastizal. O sea, es el material de relleno, que se ha puesto en el hueco, en el pit, con vegetaci\u00f3n nativa\u201d destac\u00f3. \u201cDijimos, bueno, el mirador va a dejar de ser mirador nom\u00e1s. Uno se para en el mirador y no va a mirar nada. \u00bfQu\u00e9 vamos a hacer? Y tenemos que pensar en algo superador\u201d cont\u00f3 Maestri sobre los planteos internos.<\/p>\n<p>&nbsp;<\/p>\n<p>As\u00ed se pens\u00f3 el <strong>proyecto de seis postas de interpretaci\u00f3n con varios miradores, algunos en altura desde las escombreras<\/strong>.<\/p>\n<p>&nbsp;<\/p>\n<p><span style=\"text-decoration: underline;\"><strong>El compromiso<\/strong><\/span><\/p>\n<p>&nbsp;<\/p>\n<p>\u201cEs impactante verlo. Una cosa es verlo en una presentaci\u00f3n o un proyecto de lo que puede llegar a ser, y es algo que hoy es una realidad. <strong>Falta todav\u00eda pero ya se ve el gran avance que tiene\u201d<\/strong> remarc\u00f3 el intendente Ezequiel Galli quien acompa\u00f1\u00f3 a los directivos de Cementos Avellaneda.<\/p>\n<p>&nbsp;<\/p>\n<p><img data-recalc-dims=\"1\" loading=\"lazy\" decoding=\"async\" class=\"size-full wp-image-85634 aligncenter\" src=\"https:\/\/i0.wp.com\/cdnoticias.com\/wp-content\/uploads\/2023\/05\/cementos-avellaneda-conferencia-02-ezequiel-galli.jpg?resize=800%2C445&#038;ssl=1\" alt=\"\" width=\"800\" height=\"445\" srcset=\"https:\/\/i0.wp.com\/cdnoticias.com\/wp-content\/uploads\/2023\/05\/cementos-avellaneda-conferencia-02-ezequiel-galli.jpg?w=800&amp;ssl=1 800w, https:\/\/i0.wp.com\/cdnoticias.com\/wp-content\/uploads\/2023\/05\/cementos-avellaneda-conferencia-02-ezequiel-galli.jpg?resize=300%2C167&amp;ssl=1 300w, https:\/\/i0.wp.com\/cdnoticias.com\/wp-content\/uploads\/2023\/05\/cementos-avellaneda-conferencia-02-ezequiel-galli.jpg?resize=768%2C427&amp;ssl=1 768w\" sizes=\"auto, (max-width: 800px) 100vw, 800px\" \/><\/p>\n<p>&nbsp;<\/p>\n<blockquote><p>El jefe comunal enfatiz\u00f3 que \u201ces una clara muestra de que la miner\u00eda y el desarrollo tur\u00edstico y el desarrollo sociocultural pueden convivir sanamente. Obviamente, hay una empresa muy comprometida. Todas las empresas de Olavarr\u00eda est\u00e1n muy comprometidas en ese sentido\u201d. A\u00f1adi\u00f3 en referencia al debate de hace pocas semanas en el HCD sobre la protecci\u00f3n del Cerro Largo de Sierras Bayas, \u201ces importante que Olavarr\u00eda d\u00e9 una muestra de que se puede remediar el ambiente y que convivir distintas actividades haci\u00e9ndolo con conciencia, con trabajo\u201d.<\/p><\/blockquote>\n<p>&nbsp;<\/p>\n<p>Por \u00faltimo cont\u00f3 que<strong> en pocas semanas, el Museo de Ciencias ubicado en el Bioparque La M\u00e1xima exhibir\u00e1 una muestra de los hallazgos paleontol\u00f3gicos que se dieron en yacimientos de Cementos Avellaneda<\/strong>. \u201cLa empresa pone a disposici\u00f3n los elementos paleontol\u00f3gicos que han ido detectando y encontrando. Va a estar a disposici\u00f3n de toda la comunidad en el Museo de Ciencias Municipal, donde ellos van -en conjunto con la Facultad de Ciencias Sociales- a montar una muestra de todo lo que fueron encontrando en cada uno de los de los destapes y en cada una de las explotaciones. Tambi\u00e9n habla de eso de c\u00f3mo entender nuestra historia y de que el compromiso de las empresas- todas las empresas que trabajan en el sector minero de Olavarr\u00eda- llevan adelante\u201d cerr\u00f3 Ezequiel Galli.<\/p>\n<p>&nbsp;<\/p>\n<p><img data-recalc-dims=\"1\" loading=\"lazy\" decoding=\"async\" class=\"size-full wp-image-85646 aligncenter\" src=\"https:\/\/i0.wp.com\/cdnoticias.com\/wp-content\/uploads\/2023\/05\/cementos-avellaneda-recorrida-04.jpg?resize=800%2C445&#038;ssl=1\" alt=\"\" width=\"800\" height=\"445\" srcset=\"https:\/\/i0.wp.com\/cdnoticias.com\/wp-content\/uploads\/2023\/05\/cementos-avellaneda-recorrida-04.jpg?w=800&amp;ssl=1 800w, https:\/\/i0.wp.com\/cdnoticias.com\/wp-content\/uploads\/2023\/05\/cementos-avellaneda-recorrida-04.jpg?resize=300%2C167&amp;ssl=1 300w, https:\/\/i0.wp.com\/cdnoticias.com\/wp-content\/uploads\/2023\/05\/cementos-avellaneda-recorrida-04.jpg?resize=768%2C427&amp;ssl=1 768w\" sizes=\"auto, (max-width: 800px) 100vw, 800px\" \/><\/p>\n<p>&nbsp;<\/p>\n","protected":false},"excerpt":{"rendered":"<p>La construcci\u00f3n del nuevo camino vecinal tiene 60% de avance, finalizar\u00e1 entre agosto y septiembre. La inversi\u00f3n es de 500<\/p>\n","protected":false},"author":4,"featured_media":85633,"comment_status":"closed","ping_status":"closed","sticky":false,"template":"","format":"standard","meta":{"_jetpack_memberships_contains_paid_content":false,"footnotes":""},"categories":[5,1],"tags":[],"class_list":["post-85615","post","type-post","status-publish","format-standard","has-post-thumbnail","hentry","category-informacion-general","category-portada"],"jetpack_featured_media_url":"https:\/\/i0.wp.com\/cdnoticias.com\/wp-content\/uploads\/2023\/05\/cementos-avellaneda-conferencia-01.jpg?fit=800%2C445&ssl=1","jetpack_sharing_enabled":true,"_links":{"self":[{"href":"https:\/\/cdnoticias.com\/index.php\/wp-json\/wp\/v2\/posts\/85615","targetHints":{"allow":["GET"]}}],"collection":[{"href":"https:\/\/cdnoticias.com\/index.php\/wp-json\/wp\/v2\/posts"}],"about":[{"href":"https:\/\/cdnoticias.com\/index.php\/wp-json\/wp\/v2\/types\/post"}],"author":[{"embeddable":true,"href":"https:\/\/cdnoticias.com\/index.php\/wp-json\/wp\/v2\/users\/4"}],"replies":[{"embeddable":true,"href":"https:\/\/cdnoticias.com\/index.php\/wp-json\/wp\/v2\/comments?post=85615"}],"version-history":[{"count":0,"href":"https:\/\/cdnoticias.com\/index.php\/wp-json\/wp\/v2\/posts\/85615\/revisions"}],"wp:featuredmedia":[{"embeddable":true,"href":"https:\/\/cdnoticias.com\/index.php\/wp-json\/wp\/v2\/media\/85633"}],"wp:attachment":[{"href":"https:\/\/cdnoticias.com\/index.php\/wp-json\/wp\/v2\/media?parent=85615"}],"wp:term":[{"taxonomy":"category","embeddable":true,"href":"https:\/\/cdnoticias.com\/index.php\/wp-json\/wp\/v2\/categories?post=85615"},{"taxonomy":"post_tag","embeddable":true,"href":"https:\/\/cdnoticias.com\/index.php\/wp-json\/wp\/v2\/tags?post=85615"}],"curies":[{"name":"wp","href":"https:\/\/api.w.org\/{rel}","templated":true}]}}