{"id":85603,"date":"2023-05-21T16:00:04","date_gmt":"2023-05-21T19:00:04","guid":{"rendered":"https:\/\/www.centraldenoticias.com.ar\/?p=85603"},"modified":"2023-05-21T16:00:04","modified_gmt":"2023-05-21T19:00:04","slug":"confeccion-de-mantas-y-restauracion-de-sillas-en-carceles-de-sierra-chica-y-azul","status":"publish","type":"post","link":"https:\/\/cdnoticias.com\/index.php\/2023\/05\/21\/confeccion-de-mantas-y-restauracion-de-sillas-en-carceles-de-sierra-chica-y-azul\/","title":{"rendered":"Confecci\u00f3n de mantas y restauraci\u00f3n de sillas en c\u00e1rceles de Sierra Chica y Azul"},"content":{"rendered":"<p>Fueron destinadas para la Escuela de Educaci\u00f3n Secundaria y T\u00e9cnica N\u00b0 2 \u201cLuciano Fortabat\u201d de Olavarr\u00eda y para la ONG \u201cPe\u00f1a de los gauchos de Azul\u201d.<!--more--><\/p>\n<hr \/>\n<p>Mujeres y hombres privados de la libertad participaron de <strong>dos iniciativas laborales y de servicio a la comunidad<\/strong> con la<strong> elaboraci\u00f3n y donaci\u00f3n de mantas<\/strong> y la<strong> restauraci\u00f3n de sillas<\/strong> para una escuela.<\/p>\n<p>&nbsp;<\/p>\n<p>Las internas de la <strong>Unidad 52 de Azul confeccionaron 12 mantas<\/strong> y las entregaron a la <strong>ONG \u201cPe\u00f1a de los gauchos de Azul\u201d<\/strong>. Adem\u00e1s, en la <strong>Unidad 38 Sierra Chica,<\/strong> los privados de libertad <strong>restauraron 100 sillas<\/strong> para la Escuela de Educaci\u00f3n Secundaria y T\u00e9cnica N\u00b0 2 \u201cLuciano Fortabat\u201d de Olavarr\u00eda. Las dos experiencias se llevaron a cabo en dependencias del Servicio Penitenciario Bonaerense (SPB) en el marco del programa \u201c<strong>M\u00e1s trabajo, menos reincidencia\u201d<\/strong> que impulsa el Ministerio de Justicia y Derechos Humanos de la provincia de Buenos Aires.<\/p>\n<p>&nbsp;<\/p>\n<p>Las mujeres privadas de libertad realizan este tipo de actividades en el <strong>taller de costura<\/strong> que funciona en la c\u00e1rcel y que est\u00e1 a cargo de la jefa de talleres, Yanina Selaya y la subjefa, Mar\u00eda Acevedo. Rosita, una de las privadas de libertad que confeccion\u00f3 las mantas expres\u00f3 :&#8221;<em> No s\u00f3lo me sirve a m\u00ed para aprender una t\u00e9cnica m\u00e1s en este taller de costura, sino porque lo que fabricamos lo puede aprovechar la gente que m\u00e1s lo necesita. Es muy dif\u00edcil soportar el fr\u00edo cuando no se tiene ni para un abrigo, por eso me da mucha alegr\u00eda desde ac\u00e1 poder colaborar, le da sentido a este tiempo aqu\u00ed adentro\u201d.<\/em><\/p>\n<p>&nbsp;<\/p>\n<p><img data-recalc-dims=\"1\" loading=\"lazy\" decoding=\"async\" class=\"aligncenter wp-image-85605 size-full\" src=\"https:\/\/i0.wp.com\/cdnoticias.com\/wp-content\/uploads\/2023\/05\/U38-Repararon-100-sillas-Mayo-2023e.jpg?resize=800%2C600&#038;ssl=1\" alt=\"\" width=\"800\" height=\"600\" srcset=\"https:\/\/i0.wp.com\/cdnoticias.com\/wp-content\/uploads\/2023\/05\/U38-Repararon-100-sillas-Mayo-2023e.jpg?w=1024&amp;ssl=1 1024w, https:\/\/i0.wp.com\/cdnoticias.com\/wp-content\/uploads\/2023\/05\/U38-Repararon-100-sillas-Mayo-2023e.jpg?resize=300%2C225&amp;ssl=1 300w, https:\/\/i0.wp.com\/cdnoticias.com\/wp-content\/uploads\/2023\/05\/U38-Repararon-100-sillas-Mayo-2023e.jpg?resize=768%2C576&amp;ssl=1 768w\" sizes=\"auto, (max-width: 800px) 100vw, 800px\" \/><\/p>\n<p>&nbsp;<\/p>\n<p>Por su parte, las <strong>100 sillas en la Unidad 38<\/strong> fueron arregladas por internos calificados en el \u00e1rea que desempe\u00f1an sus tareas en la secci\u00f3n talleres y supervisados por personal id\u00f3neo de dicha secci\u00f3n. Las tareas comprendieron soldadura, pintura y remache de asientos.<\/p>\n<p>&nbsp;<\/p>\n<p>Patricia Dom\u00ednguez, Directora de la <strong>Escuela de Educaci\u00f3n Secundaria y T\u00e9cnica N\u00b0 2 \u201cLuciano Fortabat\u201d de Olavarr\u00eda<\/strong> mencion\u00f3 que \u201c<em>desde la Cooperadora nos comentaron del trabajo que realizaban en la Unidad 38 y en nuestra escuela son muchas las sillas por reparar, lo cual es una problem\u00e1tica a la hora de dictar clases. Estamos muy agradecidos con las autoridades y con los internos por el trabajo realizado, sin duda mejora la comodidad de nuestros alumnos\u201d.<\/em><\/p>\n<p>&nbsp;<\/p>\n<p>\u201cEl trabajo es un \u00e1rea tratamental fundamental ya que adem\u00e1s de brindarles herramientas para su reinserci\u00f3n, les permite participar en acciones solidarias de este tipo, lo cual los hace sentirse \u00fatiles en causas sociales valorables\u201d, cerr\u00f3 el Director del establecimiento carcelario, Guillermo Deandreis.<\/p>\n","protected":false},"excerpt":{"rendered":"<p>Fueron destinadas para la Escuela de Educaci\u00f3n Secundaria y T\u00e9cnica N\u00b0 2 \u201cLuciano Fortabat\u201d de Olavarr\u00eda y para la ONG<\/p>\n","protected":false},"author":6,"featured_media":85606,"comment_status":"closed","ping_status":"closed","sticky":false,"template":"","format":"standard","meta":{"_jetpack_memberships_contains_paid_content":false,"footnotes":""},"categories":[5,1],"tags":[],"class_list":["post-85603","post","type-post","status-publish","format-standard","has-post-thumbnail","hentry","category-informacion-general","category-portada"],"jetpack_featured_media_url":"https:\/\/i0.wp.com\/cdnoticias.com\/wp-content\/uploads\/2023\/05\/U38-Repararon-100-sillas-Mayo-2023a.jpg?fit=640%2C480&ssl=1","jetpack_sharing_enabled":true,"_links":{"self":[{"href":"https:\/\/cdnoticias.com\/index.php\/wp-json\/wp\/v2\/posts\/85603","targetHints":{"allow":["GET"]}}],"collection":[{"href":"https:\/\/cdnoticias.com\/index.php\/wp-json\/wp\/v2\/posts"}],"about":[{"href":"https:\/\/cdnoticias.com\/index.php\/wp-json\/wp\/v2\/types\/post"}],"author":[{"embeddable":true,"href":"https:\/\/cdnoticias.com\/index.php\/wp-json\/wp\/v2\/users\/6"}],"replies":[{"embeddable":true,"href":"https:\/\/cdnoticias.com\/index.php\/wp-json\/wp\/v2\/comments?post=85603"}],"version-history":[{"count":0,"href":"https:\/\/cdnoticias.com\/index.php\/wp-json\/wp\/v2\/posts\/85603\/revisions"}],"wp:featuredmedia":[{"embeddable":true,"href":"https:\/\/cdnoticias.com\/index.php\/wp-json\/wp\/v2\/media\/85606"}],"wp:attachment":[{"href":"https:\/\/cdnoticias.com\/index.php\/wp-json\/wp\/v2\/media?parent=85603"}],"wp:term":[{"taxonomy":"category","embeddable":true,"href":"https:\/\/cdnoticias.com\/index.php\/wp-json\/wp\/v2\/categories?post=85603"},{"taxonomy":"post_tag","embeddable":true,"href":"https:\/\/cdnoticias.com\/index.php\/wp-json\/wp\/v2\/tags?post=85603"}],"curies":[{"name":"wp","href":"https:\/\/api.w.org\/{rel}","templated":true}]}}