{"id":85600,"date":"2023-05-26T11:53:37","date_gmt":"2023-05-26T14:53:37","guid":{"rendered":"https:\/\/www.centraldenoticias.com.ar\/?p=85600"},"modified":"2023-05-26T11:53:37","modified_gmt":"2023-05-26T14:53:37","slug":"ciclo-de-charlas-en-coopelectric-olavarria-y-sus-colonias-alemanes-del-volga","status":"publish","type":"post","link":"https:\/\/cdnoticias.com\/index.php\/2023\/05\/26\/ciclo-de-charlas-en-coopelectric-olavarria-y-sus-colonias-alemanes-del-volga\/","title":{"rendered":"Ciclo de charlas en Coopelectric: &#8220;Olavarr\u00eda y sus colonias: alemanes del Volga&#8221;"},"content":{"rendered":"<p>Ser\u00e1 el mi\u00e9rcoles 31 de mayo en el Sal\u00f3n Audit\u00f3rium de Coopelectric. La charla ser\u00e1 dictada por la doctora Alicia Villafa\u00f1e, la licenciada Ludmila Adad y Osvaldo Bugliese.<!--more--><\/p>\n<hr \/>\n<p>En el marco del <strong>\u201cCiclo de charlas y conferencias\u201d<\/strong> organizado por <strong>Coopelectric<\/strong>, el <strong>mi\u00e9rcoles 31 de mayo <\/strong>se desarrollar\u00e1 la conferencia \u201c<em><strong>Olavarr\u00eda y sus Colonias: alemanes del Volga<\/strong><\/em>\u201d que ser\u00e1 dictada por la doctora Alicia Villafa\u00f1e, la licenciada Ludmila Adad y Osvaldo Bugliese a las <strong>19:00<\/strong> horas en el Sal\u00f3n Audit\u00f3rium de Coopelectric (Belgrano 2850).<\/p>\n<p>&nbsp;<\/p>\n<p>En Rusia, los alemanes fundaron m\u00e1s de 500 colonias en ambas m\u00e1rgenes del r\u00edo Volga y se dedicaron al trabajo rural convirti\u00e9ndose en expertos agricultores. Despu\u00e9s de un siglo de permanencia, el estado imperial ruso elimin\u00f3 para ellos la exenci\u00f3n del servicio militar, por lo que <strong>muchos de los colonos decidieron emigrar.<\/strong><\/p>\n<p>&nbsp;<\/p>\n<p>En esa misma \u00e9poca, pa\u00edses como<strong> Argentina, EE.UU. y Brasil <\/strong>iniciaron una agresiva pol\u00edtica para atraer inmigrantes europeos que poblaran sus extensos territorios. A fines del a\u00f1o 1877 una de las corrientes de colonos alemanes del Volga lleg\u00f3 al puerto de Buenos Aires y Avellaneda que era presidente por aquel entonces, les <strong>otorg\u00f3 tierras en el partido de Olavarr\u00eda para que pudieran instalarse.<\/strong><\/p>\n<p>&nbsp;<\/p>\n<p><img data-recalc-dims=\"1\" loading=\"lazy\" decoding=\"async\" class=\"aligncenter wp-image-85601 size-full\" src=\"https:\/\/i0.wp.com\/cdnoticias.com\/wp-content\/uploads\/2023\/05\/Olavarria-y-sus-Colonias-Alemanes-del-Volga.jpeg?resize=800%2C1189&#038;ssl=1\" alt=\"\" width=\"800\" height=\"1189\" srcset=\"https:\/\/i0.wp.com\/cdnoticias.com\/wp-content\/uploads\/2023\/05\/Olavarria-y-sus-Colonias-Alemanes-del-Volga.jpeg?w=832&amp;ssl=1 832w, https:\/\/i0.wp.com\/cdnoticias.com\/wp-content\/uploads\/2023\/05\/Olavarria-y-sus-Colonias-Alemanes-del-Volga.jpeg?resize=202%2C300&amp;ssl=1 202w, https:\/\/i0.wp.com\/cdnoticias.com\/wp-content\/uploads\/2023\/05\/Olavarria-y-sus-Colonias-Alemanes-del-Volga.jpeg?resize=689%2C1024&amp;ssl=1 689w, https:\/\/i0.wp.com\/cdnoticias.com\/wp-content\/uploads\/2023\/05\/Olavarria-y-sus-Colonias-Alemanes-del-Volga.jpeg?resize=768%2C1142&amp;ssl=1 768w\" sizes=\"auto, (max-width: 800px) 100vw, 800px\" \/><\/p>\n<p>&nbsp;<\/p>\n<p>La <strong>primera colonia de alemanes del Volga en Argentina fue fundada el 5 de enero de 1878 en Colonia Hinojo<\/strong>, abri\u00e9ndoles las puertas a la llegada de los primeros contingentes al pa\u00eds. Le siguieron despu\u00e9s Colonia Nievas, Colonia San Miguel, y muchas otras en el resto del pa\u00eds.<\/p>\n<p>&nbsp;<\/p>\n<p>En las nuevas colonias argentinas, los alemanes del Volga replicaron la organizaci\u00f3n del trabajo que implementaron en Rusia, dedic\u00e1ndose con gran esfuerzo a trabajar la tierra. La agricultura y la herrer\u00eda -oficio que dominaron para reparar sus herramientas y maquinarias de cultivo- fueron dos de sus principales actividades.<\/p>\n<p>&nbsp;<\/p>\n<p>Desde su nacimiento hasta la actualidad, cada una de estas Colonias contin\u00faa conservando sus ra\u00edces, su cultura y sus tradiciones. En tal sentido, los expositores abordar\u00e1n el contexto hist\u00f3rico de la inmigraci\u00f3n ruso-alemana, la <strong>creaci\u00f3n de las Colonias en el Partido de Olavarr\u00eda,<\/strong> sus caracter\u00edsticas sociales y productivas, su patrimonio y marcadores identitarios como religi\u00f3n, lengua, cultura, entre otros.<\/p>\n<p>&nbsp;<\/p>\n","protected":false},"excerpt":{"rendered":"<p>Ser\u00e1 el mi\u00e9rcoles 31 de mayo en el Sal\u00f3n Audit\u00f3rium de Coopelectric. La charla ser\u00e1 dictada por la doctora Alicia<\/p>\n","protected":false},"author":6,"featured_media":453,"comment_status":"closed","ping_status":"closed","sticky":false,"template":"","format":"standard","meta":{"_jetpack_memberships_contains_paid_content":false,"footnotes":""},"categories":[5,1],"tags":[],"class_list":["post-85600","post","type-post","status-publish","format-standard","has-post-thumbnail","hentry","category-informacion-general","category-portada"],"jetpack_featured_media_url":"https:\/\/i0.wp.com\/cdnoticias.com\/wp-content\/uploads\/2020\/09\/DSC_8512.jpg?fit=4608%2C3072&ssl=1","jetpack_sharing_enabled":true,"_links":{"self":[{"href":"https:\/\/cdnoticias.com\/index.php\/wp-json\/wp\/v2\/posts\/85600","targetHints":{"allow":["GET"]}}],"collection":[{"href":"https:\/\/cdnoticias.com\/index.php\/wp-json\/wp\/v2\/posts"}],"about":[{"href":"https:\/\/cdnoticias.com\/index.php\/wp-json\/wp\/v2\/types\/post"}],"author":[{"embeddable":true,"href":"https:\/\/cdnoticias.com\/index.php\/wp-json\/wp\/v2\/users\/6"}],"replies":[{"embeddable":true,"href":"https:\/\/cdnoticias.com\/index.php\/wp-json\/wp\/v2\/comments?post=85600"}],"version-history":[{"count":0,"href":"https:\/\/cdnoticias.com\/index.php\/wp-json\/wp\/v2\/posts\/85600\/revisions"}],"wp:featuredmedia":[{"embeddable":true,"href":"https:\/\/cdnoticias.com\/index.php\/wp-json\/wp\/v2\/media\/453"}],"wp:attachment":[{"href":"https:\/\/cdnoticias.com\/index.php\/wp-json\/wp\/v2\/media?parent=85600"}],"wp:term":[{"taxonomy":"category","embeddable":true,"href":"https:\/\/cdnoticias.com\/index.php\/wp-json\/wp\/v2\/categories?post=85600"},{"taxonomy":"post_tag","embeddable":true,"href":"https:\/\/cdnoticias.com\/index.php\/wp-json\/wp\/v2\/tags?post=85600"}],"curies":[{"name":"wp","href":"https:\/\/api.w.org\/{rel}","templated":true}]}}