{"id":856,"date":"2020-09-05T17:06:07","date_gmt":"2020-09-05T20:06:07","guid":{"rendered":"http:\/\/www.centraldenoticias.com.ar\/?p=856"},"modified":"2020-09-05T20:14:54","modified_gmt":"2020-09-05T23:14:54","slug":"carceles-8-agentes-y-4-internos-infectados-por-covid-19","status":"publish","type":"post","link":"https:\/\/cdnoticias.com\/index.php\/2020\/09\/05\/carceles-8-agentes-y-4-internos-infectados-por-covid-19\/","title":{"rendered":"C\u00e1rceles: 8 agentes y 4 internos infectados por COVID-19"},"content":{"rendered":"<p>Se trata de las personas contagiadas tanto en la Unidad N\u00b0 2 como la Unidad N\u00b0 38 de Sierra Chica. Por los positivos,<strong> hay 42 agentes aislados de forma preventiva y cuidados sanitarios de cierre en pabellones de las unidades penitenciarias.<\/strong><!--more--><\/p>\n<hr \/>\n<p>Tras confirmar <a href=\"https:\/\/cdnoticias.com\/index.php\/2020\/09\/05\/confirman-un-caso-positivo-de-un-interno-de-la-unidad-n-2-de-sierra-chica\/\">un caso positivo de coronavirus en un interno de la Unidad N\u00b0 2 de Sierra Chica<\/a>, desde el<strong> Servicio Penitenciario Bonaerense dieron m\u00e1s detalles del brote en las c\u00e1rceles de la vecina localidad con 12 integrantes contagiados y casi medio centenar de aislados.<\/strong><\/p>\n<p>&nbsp;<\/p>\n<blockquote><p>En este sentido, indicaron que tanto en la Unidad N\u00b0 38 como en la Unidad N\u00b0 2 hubo 8 agentes infectados: 7 en la primera y 1 en la segunda mencionada.<\/p><\/blockquote>\n<p>&nbsp;<\/p>\n<p>Por esta situaci\u00f3n,<strong> fueron puestos en aislamiento preventivo a 42 agentes por 14 d\u00edas hasta tanto presenten s\u00edntomas compatibles con el virus.<\/strong><\/p>\n<p>&nbsp;<\/p>\n<blockquote><p>Entre los internos hubo 4 infectados: 3 en la Unidad N\u00b0 38 (uno de los tres present\u00f3 s\u00edntomas de la enfermedad e incluso tuvo neumon\u00eda) y el restante en la Unidad N\u00b0 2, confirmado en la tarde de este s\u00e1bado.<\/p><\/blockquote>\n<p>&nbsp;<\/p>\n<p>Central de Noticias logr\u00f3 saber que<strong> por estos \u00faltimos casos, tambi\u00e9n hubo cierre de m\u00f3dulos y se extremaron los cuidados sanitarios para controlar el brote que se dio dentro de las unidades.<\/strong><\/p>\n<p>&nbsp;<\/p>\n","protected":false},"excerpt":{"rendered":"<p>Se trata de las personas contagiadas tanto en la Unidad N\u00b0 2 como la Unidad N\u00b0 38 de Sierra Chica.<\/p>\n","protected":false},"author":2,"featured_media":305,"comment_status":"closed","ping_status":"closed","sticky":false,"template":"","format":"standard","meta":{"_jetpack_memberships_contains_paid_content":false,"footnotes":""},"categories":[5,1],"tags":[],"class_list":["post-856","post","type-post","status-publish","format-standard","has-post-thumbnail","hentry","category-informacion-general","category-portada"],"jetpack_featured_media_url":"https:\/\/i0.wp.com\/cdnoticias.com\/wp-content\/uploads\/2020\/08\/informe_2020_sierrachica-1.jpg?fit=1024%2C683&ssl=1","jetpack_sharing_enabled":true,"_links":{"self":[{"href":"https:\/\/cdnoticias.com\/index.php\/wp-json\/wp\/v2\/posts\/856","targetHints":{"allow":["GET"]}}],"collection":[{"href":"https:\/\/cdnoticias.com\/index.php\/wp-json\/wp\/v2\/posts"}],"about":[{"href":"https:\/\/cdnoticias.com\/index.php\/wp-json\/wp\/v2\/types\/post"}],"author":[{"embeddable":true,"href":"https:\/\/cdnoticias.com\/index.php\/wp-json\/wp\/v2\/users\/2"}],"replies":[{"embeddable":true,"href":"https:\/\/cdnoticias.com\/index.php\/wp-json\/wp\/v2\/comments?post=856"}],"version-history":[{"count":0,"href":"https:\/\/cdnoticias.com\/index.php\/wp-json\/wp\/v2\/posts\/856\/revisions"}],"wp:featuredmedia":[{"embeddable":true,"href":"https:\/\/cdnoticias.com\/index.php\/wp-json\/wp\/v2\/media\/305"}],"wp:attachment":[{"href":"https:\/\/cdnoticias.com\/index.php\/wp-json\/wp\/v2\/media?parent=856"}],"wp:term":[{"taxonomy":"category","embeddable":true,"href":"https:\/\/cdnoticias.com\/index.php\/wp-json\/wp\/v2\/categories?post=856"},{"taxonomy":"post_tag","embeddable":true,"href":"https:\/\/cdnoticias.com\/index.php\/wp-json\/wp\/v2\/tags?post=856"}],"curies":[{"name":"wp","href":"https:\/\/api.w.org\/{rel}","templated":true}]}}