{"id":85568,"date":"2023-05-19T17:48:14","date_gmt":"2023-05-19T20:48:14","guid":{"rendered":"https:\/\/www.centraldenoticias.com.ar\/?p=85568"},"modified":"2023-05-19T17:48:14","modified_gmt":"2023-05-19T20:48:14","slug":"el-fol-repudio-la-presencia-de-tolosa-paz-en-olavarria","status":"publish","type":"post","link":"https:\/\/cdnoticias.com\/index.php\/2023\/05\/19\/el-fol-repudio-la-presencia-de-tolosa-paz-en-olavarria\/","title":{"rendered":"El FOL repudi\u00f3 la presencia de Tolosa Paz en Olavarr\u00eda"},"content":{"rendered":"<p>Criticaron los dichos de la ministra sobre la presencia de chicos en el acampe de Plaza de Mayo. \u201cEs parte de la clase pol\u00edtica que arroja a m\u00e1s del 60% de esas mismas ni\u00f1eces a la condici\u00f3n de \u2018debajo de la l\u00ednea de la pobreza\u2019&#8221;, se\u00f1alaron.<!--more--><\/p>\n<hr \/>\n<p>En el marco de la <a href=\"https:\/\/cdnoticias.com\/index.php\/2023\/05\/19\/tolosa-paz-en-olavarria-el-acampe-es-un-riesgo-para-los-chicos\/\" target=\"_blank\" rel=\"noopener\">visita a nuestra ciudad de la ministra de Desarrollo Social de Naci\u00f3n, Victoria Tolosa Paz<\/a>, el Frente de Organizaciones en Lucha (FOL) emiti\u00f3 un comunicado repudiando tanto su presencia como \u201ca quienes les abren la puerta a esta \u2018visita\u2019\u201d.<\/p>\n<p>&nbsp;<\/p>\n<p>Indicaron que \u201cla ministra anuncia su presencia en la ciudad de un d\u00eda para el otro ya que viene de ser repudiada en la provincia de Chubut por las organizaciones, tanto de la Unidad Piquetera como las de la UTEP, lugar donde <strong>decidi\u00f3 viajar escapando de las manifestaciones masivas que el 17 y 18 tuvo en las puertas de su ministerio debido a su gesti\u00f3n de ajuste en la cartera<\/strong>, ajuste que responde al cumplimiento de las condiciones exigidas por el FMI\u201d.<\/p>\n<p>&nbsp;<\/p>\n<p>En este contexto,<strong> repudiaron los dichos respecto a la presencia de ni\u00f1os y ni\u00f1as en los acampes realizados en Plaza de Mayo.<\/strong> El FOL asegur\u00f3 que \u201cno tuvo mejor idea que la de intentar poner sobre la mesa la exposici\u00f3n de que las organizaciones sociales marchan con madres con sus ni\u00f1eces en las protestas, cuando <strong>ella sabe bien que es parte de la clase pol\u00edtica que arroja a m\u00e1s del 60% de esas mismas ni\u00f1eces a la condici\u00f3n de \u2018debajo de la l\u00ednea de la pobreza\u2019<\/strong> y que encima hoy le recorta presupuestos que los afectan m\u00e1s directamente\u201d.<\/p>\n<p>&nbsp;<\/p>\n<blockquote><p>\u201cLas madres salimos a luchar por nosotras y nuestrxs hijes, por mejores condiciones para ellxs y gracias a la condici\u00f3n de miseria en la que vivimos no tenemos posibilidades de dejar a nuestras ni\u00f1eces al cuidado de alguien a quien no podemos pagar y tampoco queremos reproducir la explotaci\u00f3n pagando nada a alguien que las cuide\u201d.<\/p><\/blockquote>\n<p>&nbsp;<\/p>\n<p>\u201cRepudiamos su presencia por ajustarnos no solo a quienes somos trabajadores de un potenciar, sino tambi\u00e9n a trabajadores asalariados, excluidos, changarines, lxs cuales estamos sufriendo una crisis econ\u00f3mica debido a las decisiones que viene tomando y llevando adelante\u201d, agregaron.<\/p>\n<p>&nbsp;<\/p>\n<blockquote class=\"wp-embedded-content\" data-secret=\"8jxkdErS0A\"><p><a href=\"https:\/\/cdnoticias.com\/index.php\/2023\/05\/19\/tolosa-paz-en-olavarria-el-acampe-es-un-riesgo-para-los-chicos\/\">Tolosa Paz en Olavarr\u00eda: \u201cEl acampe es un riesgo para los chicos\u201d<\/a><\/p><\/blockquote>\n<p><iframe loading=\"lazy\" class=\"wp-embedded-content\" sandbox=\"allow-scripts\" security=\"restricted\" style=\"position: absolute; clip: rect(1px, 1px, 1px, 1px);\" title=\"&#8220;Tolosa Paz en Olavarr\u00eda: \u201cEl acampe es un riesgo para los chicos\u201d&#8221; &#8212; Central de Noticias | Olavarr\u00eda\" src=\"https:\/\/cdnoticias.com\/index.php\/2023\/05\/19\/tolosa-paz-en-olavarria-el-acampe-es-un-riesgo-para-los-chicos\/embed\/#?secret=u1pJPkU067#?secret=8jxkdErS0A\" data-secret=\"8jxkdErS0A\" width=\"600\" height=\"338\" frameborder=\"0\" marginwidth=\"0\" marginheight=\"0\" scrolling=\"no\"><\/iframe><\/p>\n","protected":false},"excerpt":{"rendered":"<p>Criticaron los dichos de la ministra sobre la presencia de chicos en el acampe de Plaza de Mayo. \u201cEs parte<\/p>\n","protected":false},"author":5,"featured_media":85407,"comment_status":"closed","ping_status":"closed","sticky":false,"template":"","format":"standard","meta":{"_jetpack_memberships_contains_paid_content":false,"footnotes":""},"categories":[4,1],"tags":[],"class_list":["post-85568","post","type-post","status-publish","format-standard","has-post-thumbnail","hentry","category-politica","category-portada"],"jetpack_featured_media_url":"https:\/\/i0.wp.com\/cdnoticias.com\/wp-content\/uploads\/2023\/05\/marcha-piquetera-06-scaled.jpg?fit=2560%2C1424&ssl=1","jetpack_sharing_enabled":true,"_links":{"self":[{"href":"https:\/\/cdnoticias.com\/index.php\/wp-json\/wp\/v2\/posts\/85568","targetHints":{"allow":["GET"]}}],"collection":[{"href":"https:\/\/cdnoticias.com\/index.php\/wp-json\/wp\/v2\/posts"}],"about":[{"href":"https:\/\/cdnoticias.com\/index.php\/wp-json\/wp\/v2\/types\/post"}],"author":[{"embeddable":true,"href":"https:\/\/cdnoticias.com\/index.php\/wp-json\/wp\/v2\/users\/5"}],"replies":[{"embeddable":true,"href":"https:\/\/cdnoticias.com\/index.php\/wp-json\/wp\/v2\/comments?post=85568"}],"version-history":[{"count":0,"href":"https:\/\/cdnoticias.com\/index.php\/wp-json\/wp\/v2\/posts\/85568\/revisions"}],"wp:featuredmedia":[{"embeddable":true,"href":"https:\/\/cdnoticias.com\/index.php\/wp-json\/wp\/v2\/media\/85407"}],"wp:attachment":[{"href":"https:\/\/cdnoticias.com\/index.php\/wp-json\/wp\/v2\/media?parent=85568"}],"wp:term":[{"taxonomy":"category","embeddable":true,"href":"https:\/\/cdnoticias.com\/index.php\/wp-json\/wp\/v2\/categories?post=85568"},{"taxonomy":"post_tag","embeddable":true,"href":"https:\/\/cdnoticias.com\/index.php\/wp-json\/wp\/v2\/tags?post=85568"}],"curies":[{"name":"wp","href":"https:\/\/api.w.org\/{rel}","templated":true}]}}