{"id":85565,"date":"2023-05-19T17:02:02","date_gmt":"2023-05-19T20:02:02","guid":{"rendered":"https:\/\/www.centraldenoticias.com.ar\/?p=85565"},"modified":"2023-05-19T18:44:30","modified_gmt":"2023-05-19T21:44:30","slug":"tolosa-paz-en-olavarria-el-acampe-es-un-riesgo-para-los-chicos","status":"publish","type":"post","link":"https:\/\/cdnoticias.com\/index.php\/2023\/05\/19\/tolosa-paz-en-olavarria-el-acampe-es-un-riesgo-para-los-chicos\/","title":{"rendered":"Tolosa Paz en Olavarr\u00eda: \u201cEl acampe es un riesgo para los chicos\u201d"},"content":{"rendered":"<p>La ministra de Desarrollo Social de Naci\u00f3n estuvo en nuestra ciudad con una agenda cargada de actividades. Critic\u00f3 el acampe realizado por la unidad piquetera en Plaza de Mayo.<!--more--><\/p>\n<hr \/>\n<p>La ministra de Desarrollo Social de la Naci\u00f3n <strong>estuvo este viernes en Olavarr\u00eda<\/strong> en una visita que incluy\u00f3 la presencia en el hogar San Vicente de Paul, en el merendero \u201cPeque\u00f1os gigantes\u201d, el encuentro integrantes de la producci\u00f3n de alimentos y la agricultura familiar, la entrega de kits deportivos a clubes, la firma de convenios de fortalecimiento y el otorgamiento del Seguro Nacional a Bomberos Voluntarios.<\/p>\n<p>&nbsp;<\/p>\n<p>En di\u00e1logo con la prensa habl\u00f3 tras el reclamo a nivel nacional que llevaron adelante organizaciones sociales y que <a href=\"https:\/\/cdnoticias.com\/index.php\/2023\/05\/18\/la-unidad-piquetera-corto-las-vias-contundente-manifestacion-en-olavarria\/\" target=\"_blank\" rel=\"noopener\">tuvo su jornada de lucha en Olavarr\u00eda.<\/a> \u201cHay un reclamo de los movimientos piqueteros, fundamentalmente de la izquierda, que en a\u00f1os electorales aumenta los niveles de protesta. Aumentan las marchas, los piquetes, los acampes, a partir de un posicionamiento pol\u00edtico &#8211; ideol\u00f3gico, como la protesta de ayer\u201d, resalt\u00f3.<\/p>\n<p>&nbsp;<\/p>\n<p><img data-recalc-dims=\"1\" loading=\"lazy\" decoding=\"async\" class=\"aligncenter size-full wp-image-85558\" src=\"https:\/\/i0.wp.com\/cdnoticias.com\/wp-content\/uploads\/2023\/05\/tolosa-paz-olava.jpg?resize=800%2C480&#038;ssl=1\" alt=\"\" width=\"800\" height=\"480\" srcset=\"https:\/\/i0.wp.com\/cdnoticias.com\/wp-content\/uploads\/2023\/05\/tolosa-paz-olava.jpg?w=1500&amp;ssl=1 1500w, https:\/\/i0.wp.com\/cdnoticias.com\/wp-content\/uploads\/2023\/05\/tolosa-paz-olava.jpg?resize=300%2C180&amp;ssl=1 300w, https:\/\/i0.wp.com\/cdnoticias.com\/wp-content\/uploads\/2023\/05\/tolosa-paz-olava.jpg?resize=1024%2C614&amp;ssl=1 1024w, https:\/\/i0.wp.com\/cdnoticias.com\/wp-content\/uploads\/2023\/05\/tolosa-paz-olava.jpg?resize=768%2C461&amp;ssl=1 768w\" sizes=\"auto, (max-width: 800px) 100vw, 800px\" \/><\/p>\n<p>&nbsp;<\/p>\n<p>En este punto, la ministra <strong>diferenci\u00f3 a la UTEP<\/strong> \u201cque cuando reclama lo hace sobre una cuesti\u00f3n de fondo que es la necesidad de contar con mayores fondos para la asistencia y que ven que es imposible con la meta fiscal que impone el FMI del 1,9% del d\u00e9ficit para este a\u00f1o. Es una discusi\u00f3n m\u00e1s de fondo, que quieren expresarla en la calle y tienen todo el derecho leg\u00edtimo y constitucional\u201d.<\/p>\n<p>&nbsp;<\/p>\n<p>\u201cSoy una ministra que se hace cargo de los problemas y busca el di\u00e1logo. <strong>Pero le sigo diciendo a Eduardo Belliboni (dirigente del Polo Obrero) que el acampe es una modalidad nueva que no exist\u00eda en la Argentina. Hace 20 a\u00f1os que en la Argentina el piquete, la movilizaci\u00f3n y la lucha est\u00e1n establecidos y tenemos resguardo constitucional. El acampe no corresponde con la presencia de chicas y chicos.<\/strong> El acampe es un riesgo para los chicos y se est\u00e1n privando de poder alimentarse, porque la comida est\u00e1 garantizada en todas las escuelas\u201d, agreg\u00f3 Tolosa Paz.<\/p>\n<p>&nbsp;<\/p>\n<p><img data-recalc-dims=\"1\" loading=\"lazy\" decoding=\"async\" class=\"aligncenter size-full wp-image-85560\" src=\"https:\/\/i0.wp.com\/cdnoticias.com\/wp-content\/uploads\/2023\/05\/tolosa-paz-olava2.jpg?resize=800%2C480&#038;ssl=1\" alt=\"\" width=\"800\" height=\"480\" srcset=\"https:\/\/i0.wp.com\/cdnoticias.com\/wp-content\/uploads\/2023\/05\/tolosa-paz-olava2.jpg?w=1600&amp;ssl=1 1600w, https:\/\/i0.wp.com\/cdnoticias.com\/wp-content\/uploads\/2023\/05\/tolosa-paz-olava2.jpg?resize=300%2C180&amp;ssl=1 300w, https:\/\/i0.wp.com\/cdnoticias.com\/wp-content\/uploads\/2023\/05\/tolosa-paz-olava2.jpg?resize=1024%2C614&amp;ssl=1 1024w, https:\/\/i0.wp.com\/cdnoticias.com\/wp-content\/uploads\/2023\/05\/tolosa-paz-olava2.jpg?resize=768%2C461&amp;ssl=1 768w, https:\/\/i0.wp.com\/cdnoticias.com\/wp-content\/uploads\/2023\/05\/tolosa-paz-olava2.jpg?resize=1536%2C922&amp;ssl=1 1536w\" sizes=\"auto, (max-width: 800px) 100vw, 800px\" \/><\/p>\n<p>&nbsp;<\/p>\n<p>Por otra parte, Tolosa Paz destac\u00f3 \u201c30 meses consecutivos de empleo registrado creciente\u201d y reconoci\u00f3 que \u201ctenemos un gran desaf\u00edo que es formalizar la enorme informalidad laboral que hay en este pa\u00eds\u201d.<\/p>\n<p>&nbsp;<\/p>\n<p>Adem\u00e1s, asegur\u00f3 que \u201cno negamos la inflaci\u00f3n que es un problema que afecta a toda la poblaci\u00f3n, mucho m\u00e1s a aquellos que no tienen forma de empezar a empujar hacia arriba sus ingresos y que lamentablemente van quedando muy debilitados\u201d.<\/p>\n<p>&nbsp;<\/p>\n<p>En ese sentido, Tolosa Paz indic\u00f3 que es la primera vez que un Estado en la historia del pa\u00eds <strong>\u201cinvierte el 1,9 del Producto Bruto Interno en la ayuda social\u201d.<\/strong><\/p>\n<p>&nbsp;<\/p>\n<blockquote class=\"wp-embedded-content\" data-secret=\"ZQVDPkPAnF\"><p><a href=\"https:\/\/cdnoticias.com\/index.php\/2023\/05\/18\/la-unidad-piquetera-corto-las-vias-contundente-manifestacion-en-olavarria\/\">La Unidad Piquetera cort\u00f3 las v\u00edas: contundente manifestaci\u00f3n en Olavarr\u00eda<\/a><\/p><\/blockquote>\n<p><iframe loading=\"lazy\" class=\"wp-embedded-content\" sandbox=\"allow-scripts\" security=\"restricted\" style=\"position: absolute; clip: rect(1px, 1px, 1px, 1px);\" title=\"&#8220;La Unidad Piquetera cort\u00f3 las v\u00edas: contundente manifestaci\u00f3n en Olavarr\u00eda&#8221; &#8212; Central de Noticias | Olavarr\u00eda\" src=\"https:\/\/cdnoticias.com\/index.php\/2023\/05\/18\/la-unidad-piquetera-corto-las-vias-contundente-manifestacion-en-olavarria\/embed\/#?secret=97TrEMV2mH#?secret=ZQVDPkPAnF\" data-secret=\"ZQVDPkPAnF\" width=\"600\" height=\"338\" frameborder=\"0\" marginwidth=\"0\" marginheight=\"0\" scrolling=\"no\"><\/iframe><\/p>\n","protected":false},"excerpt":{"rendered":"<p>La ministra de Desarrollo Social de Naci\u00f3n estuvo en nuestra ciudad con una agenda cargada de actividades. Critic\u00f3 el acampe<\/p>\n","protected":false},"author":5,"featured_media":85559,"comment_status":"closed","ping_status":"closed","sticky":false,"template":"","format":"standard","meta":{"_jetpack_memberships_contains_paid_content":false,"footnotes":""},"categories":[4,1],"tags":[],"class_list":["post-85565","post","type-post","status-publish","format-standard","has-post-thumbnail","hentry","category-politica","category-portada"],"jetpack_featured_media_url":"https:\/\/i0.wp.com\/cdnoticias.com\/wp-content\/uploads\/2023\/05\/tolosa-paz-olava1.jpg?fit=1500%2C900&ssl=1","jetpack_sharing_enabled":true,"_links":{"self":[{"href":"https:\/\/cdnoticias.com\/index.php\/wp-json\/wp\/v2\/posts\/85565","targetHints":{"allow":["GET"]}}],"collection":[{"href":"https:\/\/cdnoticias.com\/index.php\/wp-json\/wp\/v2\/posts"}],"about":[{"href":"https:\/\/cdnoticias.com\/index.php\/wp-json\/wp\/v2\/types\/post"}],"author":[{"embeddable":true,"href":"https:\/\/cdnoticias.com\/index.php\/wp-json\/wp\/v2\/users\/5"}],"replies":[{"embeddable":true,"href":"https:\/\/cdnoticias.com\/index.php\/wp-json\/wp\/v2\/comments?post=85565"}],"version-history":[{"count":0,"href":"https:\/\/cdnoticias.com\/index.php\/wp-json\/wp\/v2\/posts\/85565\/revisions"}],"wp:featuredmedia":[{"embeddable":true,"href":"https:\/\/cdnoticias.com\/index.php\/wp-json\/wp\/v2\/media\/85559"}],"wp:attachment":[{"href":"https:\/\/cdnoticias.com\/index.php\/wp-json\/wp\/v2\/media?parent=85565"}],"wp:term":[{"taxonomy":"category","embeddable":true,"href":"https:\/\/cdnoticias.com\/index.php\/wp-json\/wp\/v2\/categories?post=85565"},{"taxonomy":"post_tag","embeddable":true,"href":"https:\/\/cdnoticias.com\/index.php\/wp-json\/wp\/v2\/tags?post=85565"}],"curies":[{"name":"wp","href":"https:\/\/api.w.org\/{rel}","templated":true}]}}