{"id":85532,"date":"2023-05-19T11:30:59","date_gmt":"2023-05-19T14:30:59","guid":{"rendered":"https:\/\/www.centraldenoticias.com.ar\/?p=85532"},"modified":"2023-05-19T14:39:04","modified_gmt":"2023-05-19T17:39:04","slug":"una-recorrida-por-el-jardin-n929-es-practicamente-un-hecho","status":"publish","type":"post","link":"https:\/\/cdnoticias.com\/index.php\/2023\/05\/19\/una-recorrida-por-el-jardin-n929-es-practicamente-un-hecho\/","title":{"rendered":"Una recorrida por el Jard\u00edn N\u00b0929: \u201ces pr\u00e1cticamente un hecho\u201d"},"content":{"rendered":"<p>El Intendente Galli recorri\u00f3 junto a funcionarios y autoridades de la instituci\u00f3n la obra que est\u00e1 en un importante grado de avance. Se inaugurar\u00eda en septiembre y confirmaron que aumentar\u00e1 la matr\u00edcula. <!--more--><\/p>\n<hr \/>\n<p>En la ma\u00f1ana de este viernes,<strong> el Intendente Galli encabez\u00f3 una recorrida con autoridades del Jard\u00edn N\u00b0929<\/strong> y medios por la obra del nuevo edificio de la instituci\u00f3n, ubicado en Vicente L\u00f3pez entre S\u00e1enz Pe\u00f1a e Hip\u00f3lito Yrigoyen. <strong>Avances, novedades sobre el mobiliario y cumplimiento de los plazos de obra, lo que se desliz\u00f3 septiembre como posible fecha de inauguraci\u00f3n.<\/strong><\/p>\n<p>&nbsp;<\/p>\n<p><img data-recalc-dims=\"1\" loading=\"lazy\" decoding=\"async\" class=\"alignnone size-large wp-image-85540\" src=\"https:\/\/i0.wp.com\/cdnoticias.com\/wp-content\/uploads\/2023\/05\/jardin-9296.jpg?resize=800%2C480&#038;ssl=1\" alt=\"\" width=\"800\" height=\"480\" srcset=\"https:\/\/i0.wp.com\/cdnoticias.com\/wp-content\/uploads\/2023\/05\/jardin-9296-scaled.jpg?resize=1024%2C614&amp;ssl=1 1024w, https:\/\/i0.wp.com\/cdnoticias.com\/wp-content\/uploads\/2023\/05\/jardin-9296-scaled.jpg?resize=300%2C180&amp;ssl=1 300w, https:\/\/i0.wp.com\/cdnoticias.com\/wp-content\/uploads\/2023\/05\/jardin-9296-scaled.jpg?resize=768%2C461&amp;ssl=1 768w, https:\/\/i0.wp.com\/cdnoticias.com\/wp-content\/uploads\/2023\/05\/jardin-9296-scaled.jpg?resize=1536%2C921&amp;ssl=1 1536w, https:\/\/i0.wp.com\/cdnoticias.com\/wp-content\/uploads\/2023\/05\/jardin-9296-scaled.jpg?resize=2048%2C1228&amp;ssl=1 2048w, https:\/\/i0.wp.com\/cdnoticias.com\/wp-content\/uploads\/2023\/05\/jardin-9296-scaled.jpg?w=1600&amp;ssl=1 1600w, https:\/\/i0.wp.com\/cdnoticias.com\/wp-content\/uploads\/2023\/05\/jardin-9296-scaled.jpg?w=2400&amp;ssl=1 2400w\" sizes=\"auto, (max-width: 800px) 100vw, 800px\" \/><\/p>\n<p><img data-recalc-dims=\"1\" loading=\"lazy\" decoding=\"async\" class=\"alignnone size-large wp-image-85538\" src=\"https:\/\/i0.wp.com\/cdnoticias.com\/wp-content\/uploads\/2023\/05\/jardin-9294.jpg?resize=800%2C480&#038;ssl=1\" alt=\"\" width=\"800\" height=\"480\" srcset=\"https:\/\/i0.wp.com\/cdnoticias.com\/wp-content\/uploads\/2023\/05\/jardin-9294-scaled.jpg?resize=1024%2C614&amp;ssl=1 1024w, https:\/\/i0.wp.com\/cdnoticias.com\/wp-content\/uploads\/2023\/05\/jardin-9294-scaled.jpg?resize=300%2C180&amp;ssl=1 300w, https:\/\/i0.wp.com\/cdnoticias.com\/wp-content\/uploads\/2023\/05\/jardin-9294-scaled.jpg?resize=768%2C461&amp;ssl=1 768w, https:\/\/i0.wp.com\/cdnoticias.com\/wp-content\/uploads\/2023\/05\/jardin-9294-scaled.jpg?resize=1536%2C921&amp;ssl=1 1536w, https:\/\/i0.wp.com\/cdnoticias.com\/wp-content\/uploads\/2023\/05\/jardin-9294-scaled.jpg?resize=2048%2C1228&amp;ssl=1 2048w, https:\/\/i0.wp.com\/cdnoticias.com\/wp-content\/uploads\/2023\/05\/jardin-9294-scaled.jpg?w=1600&amp;ssl=1 1600w, https:\/\/i0.wp.com\/cdnoticias.com\/wp-content\/uploads\/2023\/05\/jardin-9294-scaled.jpg?w=2400&amp;ssl=1 2400w\" sizes=\"auto, (max-width: 800px) 100vw, 800px\" \/><\/p>\n<p>&nbsp;<\/p>\n<p>Entre risas,<strong> las docentes del Jard\u00edn le pidieron al Intendente inaugurar para el D\u00eda del Maestro (11 de septiembre) y Ezequiel Galli respondi\u00f3 que har\u00e1n \u201ctodo lo posible\u201d pero que ser\u00e1 &#8220;dif\u00edcil&#8221;. S\u00ed admiti\u00f3, de todas maneras, que el plazo permitir\u00eda que sea durante ese mes.<\/strong><\/p>\n<p>&nbsp;<\/p>\n<p>Tras ver el avance de obra (m\u00e1s del 70% de avance) hubo un di\u00e1logo con los medios presentes donde Galli se\u00f1al\u00f3 que <em>\u201ces una satisfacci\u00f3n poder recorrer y ver los avances\u201d<\/em> y que tras la visita de la semana pasada decidieron<strong><em> \u201cinvitar a Magal\u00ed (Correa, directora del establecimiento), a todo el equipo auxiliar y docente para que vean c\u00f3mo viene la obra\u201d.<\/em><\/strong><\/p>\n<p>&nbsp;<\/p>\n<p><img data-recalc-dims=\"1\" loading=\"lazy\" decoding=\"async\" class=\"alignnone size-large wp-image-85535\" src=\"https:\/\/i0.wp.com\/cdnoticias.com\/wp-content\/uploads\/2023\/05\/jardin-9291.jpg?resize=800%2C480&#038;ssl=1\" alt=\"\" width=\"800\" height=\"480\" srcset=\"https:\/\/i0.wp.com\/cdnoticias.com\/wp-content\/uploads\/2023\/05\/jardin-9291-scaled.jpg?resize=1024%2C614&amp;ssl=1 1024w, https:\/\/i0.wp.com\/cdnoticias.com\/wp-content\/uploads\/2023\/05\/jardin-9291-scaled.jpg?resize=300%2C180&amp;ssl=1 300w, https:\/\/i0.wp.com\/cdnoticias.com\/wp-content\/uploads\/2023\/05\/jardin-9291-scaled.jpg?resize=768%2C461&amp;ssl=1 768w, https:\/\/i0.wp.com\/cdnoticias.com\/wp-content\/uploads\/2023\/05\/jardin-9291-scaled.jpg?resize=1536%2C921&amp;ssl=1 1536w, https:\/\/i0.wp.com\/cdnoticias.com\/wp-content\/uploads\/2023\/05\/jardin-9291-scaled.jpg?resize=2048%2C1228&amp;ssl=1 2048w, https:\/\/i0.wp.com\/cdnoticias.com\/wp-content\/uploads\/2023\/05\/jardin-9291-scaled.jpg?w=1600&amp;ssl=1 1600w, https:\/\/i0.wp.com\/cdnoticias.com\/wp-content\/uploads\/2023\/05\/jardin-9291-scaled.jpg?w=2400&amp;ssl=1 2400w\" sizes=\"auto, (max-width: 800px) 100vw, 800px\" \/><\/p>\n<p>&nbsp;<\/p>\n<blockquote><p>\u201cEs una obra muy muy esperada. Sacaban cuentas reci\u00e9n que hace doce a\u00f1os que se fueron de la Escuela Normal. Y que han estado con las vicisitudes que tiene cada una de las mudanzas que tuvieron que hacer. A veces por falta de pago de alquileres, a veces por falta de infraestructura\u201d.<\/p><\/blockquote>\n<p>&nbsp;<\/p>\n<p>Galli a\u00f1adi\u00f3 que, en la comparativa, <em>\u201choy estar viendo lo que ya es pr\u00e1cticamente un hecho es el edificio propio para el jard\u00edn 929 realmente para nosotros es una alegr\u00eda inmensa poder ir cumpliendo sue\u00f1os de a poco\u201d.<\/em> En total, solamente <strong><em>\u201cnos va a quedar un jard\u00edn alquilado en Olavarr\u00eda que tenemos ya proyectado para hacerlo, que es el 922\u201d.<\/em><\/strong><\/p>\n<p>&nbsp;<\/p>\n<p><img data-recalc-dims=\"1\" loading=\"lazy\" decoding=\"async\" class=\"alignnone size-large wp-image-85539\" src=\"https:\/\/i0.wp.com\/cdnoticias.com\/wp-content\/uploads\/2023\/05\/jardin-9295.jpg?resize=800%2C480&#038;ssl=1\" alt=\"\" width=\"800\" height=\"480\" srcset=\"https:\/\/i0.wp.com\/cdnoticias.com\/wp-content\/uploads\/2023\/05\/jardin-9295-scaled.jpg?resize=1024%2C615&amp;ssl=1 1024w, https:\/\/i0.wp.com\/cdnoticias.com\/wp-content\/uploads\/2023\/05\/jardin-9295-scaled.jpg?resize=300%2C180&amp;ssl=1 300w, https:\/\/i0.wp.com\/cdnoticias.com\/wp-content\/uploads\/2023\/05\/jardin-9295-scaled.jpg?resize=768%2C461&amp;ssl=1 768w, https:\/\/i0.wp.com\/cdnoticias.com\/wp-content\/uploads\/2023\/05\/jardin-9295-scaled.jpg?resize=1536%2C922&amp;ssl=1 1536w, https:\/\/i0.wp.com\/cdnoticias.com\/wp-content\/uploads\/2023\/05\/jardin-9295-scaled.jpg?resize=2048%2C1229&amp;ssl=1 2048w, https:\/\/i0.wp.com\/cdnoticias.com\/wp-content\/uploads\/2023\/05\/jardin-9295-scaled.jpg?w=1600&amp;ssl=1 1600w, https:\/\/i0.wp.com\/cdnoticias.com\/wp-content\/uploads\/2023\/05\/jardin-9295-scaled.jpg?w=2400&amp;ssl=1 2400w\" sizes=\"auto, (max-width: 800px) 100vw, 800px\" \/><\/p>\n<p><img data-recalc-dims=\"1\" loading=\"lazy\" decoding=\"async\" class=\"alignnone size-large wp-image-85537\" src=\"https:\/\/i0.wp.com\/cdnoticias.com\/wp-content\/uploads\/2023\/05\/jardin-9293.jpg?resize=800%2C480&#038;ssl=1\" alt=\"\" width=\"800\" height=\"480\" srcset=\"https:\/\/i0.wp.com\/cdnoticias.com\/wp-content\/uploads\/2023\/05\/jardin-9293-scaled.jpg?resize=1024%2C614&amp;ssl=1 1024w, https:\/\/i0.wp.com\/cdnoticias.com\/wp-content\/uploads\/2023\/05\/jardin-9293-scaled.jpg?resize=300%2C180&amp;ssl=1 300w, https:\/\/i0.wp.com\/cdnoticias.com\/wp-content\/uploads\/2023\/05\/jardin-9293-scaled.jpg?resize=768%2C461&amp;ssl=1 768w, https:\/\/i0.wp.com\/cdnoticias.com\/wp-content\/uploads\/2023\/05\/jardin-9293-scaled.jpg?resize=1536%2C921&amp;ssl=1 1536w, https:\/\/i0.wp.com\/cdnoticias.com\/wp-content\/uploads\/2023\/05\/jardin-9293-scaled.jpg?resize=2048%2C1228&amp;ssl=1 2048w, https:\/\/i0.wp.com\/cdnoticias.com\/wp-content\/uploads\/2023\/05\/jardin-9293-scaled.jpg?w=1600&amp;ssl=1 1600w, https:\/\/i0.wp.com\/cdnoticias.com\/wp-content\/uploads\/2023\/05\/jardin-9293-scaled.jpg?w=2400&amp;ssl=1 2400w\" sizes=\"auto, (max-width: 800px) 100vw, 800px\" \/><\/p>\n<p>&nbsp;<\/p>\n<p>De todos modos, indic\u00f3 que est\u00e1 proyectado, pero \u201cno sabemos cu\u00e1ndo\u201d<em>. \u201cLo tenemos en carpeta para seguir destinando el Fondo Educativo a lo que realmente se merecen los vecinos de Olavarr\u00eda que es la infraestructura educativa e igualar oportunidades en lo que tiene que ver con calidad educativa. <strong>Tambi\u00e9n para un docente venir a un lugar como este nuevo, pintado, arreglado, con ascensor, con aire acondicionado, con calefacci\u00f3n, tambi\u00e9n te da m\u00e1s gana venir a laburar y de venir a ense\u00f1ar que es lo que hacen todos los d\u00edas\u201d<\/strong>.<\/em><\/p>\n<p>&nbsp;<\/p>\n<blockquote class=\"wp-embedded-content\" data-secret=\"6cb3KBiDDK\"><p><a href=\"https:\/\/cdnoticias.com\/index.php\/2023\/05\/15\/jardin-de-infantes-n-929-avance-del-70-en-la-obra\/\">Jard\u00edn de Infantes N\u00b0 929: avance del 70% en la obra<\/a><\/p><\/blockquote>\n<p><iframe loading=\"lazy\" class=\"wp-embedded-content\" sandbox=\"allow-scripts\" security=\"restricted\" style=\"position: absolute; clip: rect(1px, 1px, 1px, 1px);\" title=\"&#8220;Jard\u00edn de Infantes N\u00b0 929: avance del 70% en la obra&#8221; &#8212; Central de Noticias | Olavarr\u00eda\" src=\"https:\/\/cdnoticias.com\/index.php\/2023\/05\/15\/jardin-de-infantes-n-929-avance-del-70-en-la-obra\/embed\/#?secret=Zo9K4xm2wn#?secret=6cb3KBiDDK\" data-secret=\"6cb3KBiDDK\" width=\"600\" height=\"338\" frameborder=\"0\" marginwidth=\"0\" marginheight=\"0\" scrolling=\"no\"><\/iframe><\/p>\n<p>&nbsp;<\/p>\n<p>La obra<strong><em> \u201cviene en plazo, es de catorce meses, arranc\u00f3 en agosto de 2022 y estamos especulando con que en el mes de septiembre, si todo va bien, podr\u00eda estar finalizado, inaugurado y ya comenzar a dar clases en este nuevo jard\u00edn\u201d.<\/em><\/strong><\/p>\n<p>&nbsp;<\/p>\n<p><img data-recalc-dims=\"1\" loading=\"lazy\" decoding=\"async\" class=\"alignnone size-large wp-image-85534\" src=\"https:\/\/i0.wp.com\/cdnoticias.com\/wp-content\/uploads\/2023\/05\/jardin-929.jpg?resize=800%2C480&#038;ssl=1\" alt=\"\" width=\"800\" height=\"480\" srcset=\"https:\/\/i0.wp.com\/cdnoticias.com\/wp-content\/uploads\/2023\/05\/jardin-929-scaled.jpg?resize=1024%2C614&amp;ssl=1 1024w, https:\/\/i0.wp.com\/cdnoticias.com\/wp-content\/uploads\/2023\/05\/jardin-929-scaled.jpg?resize=300%2C180&amp;ssl=1 300w, https:\/\/i0.wp.com\/cdnoticias.com\/wp-content\/uploads\/2023\/05\/jardin-929-scaled.jpg?resize=768%2C461&amp;ssl=1 768w, https:\/\/i0.wp.com\/cdnoticias.com\/wp-content\/uploads\/2023\/05\/jardin-929-scaled.jpg?resize=1536%2C921&amp;ssl=1 1536w, https:\/\/i0.wp.com\/cdnoticias.com\/wp-content\/uploads\/2023\/05\/jardin-929-scaled.jpg?resize=2048%2C1228&amp;ssl=1 2048w, https:\/\/i0.wp.com\/cdnoticias.com\/wp-content\/uploads\/2023\/05\/jardin-929-scaled.jpg?w=1600&amp;ssl=1 1600w, https:\/\/i0.wp.com\/cdnoticias.com\/wp-content\/uploads\/2023\/05\/jardin-929-scaled.jpg?w=2400&amp;ssl=1 2400w\" sizes=\"auto, (max-width: 800px) 100vw, 800px\" \/><\/p>\n<p>&nbsp;<\/p>\n<p>La directora del Jard\u00edn, Magal\u00ed Correa, se\u00f1al\u00f3 que actualmente<strong> la matr\u00edcula es de 240 alumnos<\/strong> dado que<em> \u201cson cuatro secciones a raz\u00f3n de 30 por secci\u00f3n a dos turnos\u201d<\/em> es decir que <strong><em>\u201ctambi\u00e9n se ampl\u00eda la matr\u00edcula del jard\u00edn, que tiene mucha demanda as\u00ed que eso tambi\u00e9n va a impactar en la cantidad de ni\u00f1os que absorben\u201d.<\/em><\/strong><\/p>\n<p>&nbsp;<\/p>\n<p><strong>El secretario de Obras P\u00fablicas, Julio Ferraro<\/strong>, destac\u00f3 la construcci\u00f3n \u201cnovedosa\u201d del espacio, teniendo en cuenta que <em>\u201cdise\u00f1amos en un espacio reducido, o sea que tuvimos que trabajar en tres niveles para que tengan espacios c\u00f3modos. Venimos trabajando todo con materiales de primera, las terminaciones de los pisos son los mejores que vienen, las terminaciones, los cielos rasos y en el confort una buena ventilaci\u00f3n que es muy importante, la iluminaci\u00f3n y el confort de los espacios se pueden ver\u201d<\/em> y brome\u00f3 con que \u201cya hubo comentarios y opiniones\u201d pero<strong><em> \u201clo importante es trabajar con materiales de primera y para que esto dure para siempre y se haga una sola vez\u201d.<\/em><\/strong><\/p>\n<p>&nbsp;<\/p>\n<p><img data-recalc-dims=\"1\" loading=\"lazy\" decoding=\"async\" class=\"alignnone size-full wp-image-85523\" src=\"https:\/\/i0.wp.com\/cdnoticias.com\/wp-content\/uploads\/2023\/05\/construccion-jardin-929-06-ferraro.jpg?resize=800%2C445&#038;ssl=1\" alt=\"\" width=\"800\" height=\"445\" srcset=\"https:\/\/i0.wp.com\/cdnoticias.com\/wp-content\/uploads\/2023\/05\/construccion-jardin-929-06-ferraro.jpg?w=800&amp;ssl=1 800w, https:\/\/i0.wp.com\/cdnoticias.com\/wp-content\/uploads\/2023\/05\/construccion-jardin-929-06-ferraro.jpg?resize=300%2C167&amp;ssl=1 300w, https:\/\/i0.wp.com\/cdnoticias.com\/wp-content\/uploads\/2023\/05\/construccion-jardin-929-06-ferraro.jpg?resize=768%2C427&amp;ssl=1 768w\" sizes=\"auto, (max-width: 800px) 100vw, 800px\" \/><\/p>\n<p>&nbsp;<\/p>\n<p>Otro punto que se resalt\u00f3 es que <strong><em>\u201ces mano de obra local, es muy importante todo el dinero que invertimos, con empresas de ac\u00e1 y los materiales de ac\u00e1 as\u00ed que mueve todo, la verdad\u201d.<\/em><\/strong><\/p>\n<p>&nbsp;<\/p>\n<p>Correa destac\u00f3 que lo que m\u00e1s deseaban<em> \u201cera tener un edificio propio y no hacer m\u00e1s mudanzas. Esta va a ser la cuarta mudanza que vamos a hacer. Todo lo que nosotros pongamos en el jard\u00edn nos va a para siempre porque es de nuestro espacio. Y el SUM, cada vez que tenemos un evento como actos, cierres de proyectos, era una mudanza, ten\u00edamos que pedir, a veces ped\u00edamos a la municipalidad o a otras entidades que nos presten un espacio para poder convocar a toda la familia y est\u00e1bamos siempre muy limitados\u201d.<\/em><\/p>\n<p>&nbsp;<\/p>\n<blockquote class=\"instagram-media\" style=\"background: #FFF; border: 0; border-radius: 3px; box-shadow: 0 0 1px 0 rgba(0,0,0,0.5),0 1px 10px 0 rgba(0,0,0,0.15); margin: 1px; max-width: 540px; min-width: 326px; padding: 0; width: calc(100% - 2px);\" data-instgrm-captioned=\"\" data-instgrm-permalink=\"https:\/\/www.instagram.com\/reel\/CsbQH0hAX9R\/?utm_source=ig_embed&amp;utm_campaign=loading\" data-instgrm-version=\"14\">\n<div style=\"padding: 16px;\">\n<p>&nbsp;<\/p>\n<div style=\"display: flex; flex-direction: row; align-items: center;\">\n<div style=\"background-color: #f4f4f4; border-radius: 50%; flex-grow: 0; height: 40px; margin-right: 14px; width: 40px;\"><\/div>\n<div style=\"display: flex; flex-direction: column; flex-grow: 1; justify-content: center;\">\n<div style=\"background-color: #f4f4f4; border-radius: 4px; flex-grow: 0; height: 14px; margin-bottom: 6px; width: 100px;\"><\/div>\n<div style=\"background-color: #f4f4f4; border-radius: 4px; flex-grow: 0; height: 14px; width: 60px;\"><\/div>\n<\/div>\n<\/div>\n<div style=\"padding: 19% 0;\"><\/div>\n<div style=\"display: block; height: 50px; margin: 0 auto 12px; width: 50px;\"><\/div>\n<div style=\"padding-top: 8px;\">\n<div style=\"color: #3897f0; font-family: Arial,sans-serif; font-size: 14px; font-style: normal; font-weight: 550; line-height: 18px;\">Ver esta publicaci\u00f3n en Instagram<\/div>\n<\/div>\n<div style=\"padding: 12.5% 0;\"><\/div>\n<div style=\"display: flex; flex-direction: row; margin-bottom: 14px; align-items: center;\">\n<div>\n<div style=\"background-color: #f4f4f4; border-radius: 50%; height: 12.5px; width: 12.5px; transform: translateX(0px) translateY(7px);\"><\/div>\n<div style=\"background-color: #f4f4f4; height: 12.5px; transform: rotate(-45deg) translateX(3px) translateY(1px); width: 12.5px; flex-grow: 0; margin-right: 14px; margin-left: 2px;\"><\/div>\n<div style=\"background-color: #f4f4f4; border-radius: 50%; height: 12.5px; width: 12.5px; transform: translateX(9px) translateY(-18px);\"><\/div>\n<\/div>\n<div style=\"margin-left: 8px;\">\n<div style=\"background-color: #f4f4f4; border-radius: 50%; flex-grow: 0; height: 20px; width: 20px;\"><\/div>\n<div style=\"width: 0; height: 0; border-top: 2px solid transparent; border-left: 6px solid #f4f4f4; border-bottom: 2px solid transparent; transform: translateX(16px) translateY(-4px) rotate(30deg);\"><\/div>\n<\/div>\n<div style=\"margin-left: auto;\">\n<div style=\"width: 0px; border-top: 8px solid #F4F4F4; border-right: 8px solid transparent; transform: translateY(16px);\"><\/div>\n<div style=\"background-color: #f4f4f4; flex-grow: 0; height: 12px; width: 16px; transform: translateY(-4px);\"><\/div>\n<div style=\"width: 0; height: 0; border-top: 8px solid #F4F4F4; border-left: 8px solid transparent; transform: translateY(-4px) translateX(8px);\"><\/div>\n<\/div>\n<\/div>\n<div style=\"display: flex; flex-direction: column; flex-grow: 1; justify-content: center; margin-bottom: 24px;\">\n<div style=\"background-color: #f4f4f4; border-radius: 4px; flex-grow: 0; height: 14px; margin-bottom: 6px; width: 224px;\"><\/div>\n<div style=\"background-color: #f4f4f4; border-radius: 4px; flex-grow: 0; height: 14px; width: 144px;\"><\/div>\n<\/div>\n<p>&nbsp;<\/p>\n<p style=\"color: #c9c8cd; font-family: Arial,sans-serif; font-size: 14px; line-height: 17px; margin-bottom: 0; margin-top: 8px; overflow: hidden; padding: 8px 0 7px; text-align: center; text-overflow: ellipsis; white-space: nowrap;\"><a style=\"color: #c9c8cd; font-family: Arial,sans-serif; font-size: 14px; font-style: normal; font-weight: normal; line-height: 17px; text-decoration: none;\" href=\"https:\/\/www.instagram.com\/reel\/CsbQH0hAX9R\/?utm_source=ig_embed&amp;utm_campaign=loading\" target=\"_blank\" rel=\"noopener\">Una publicaci\u00f3n compartida de Central de Noticias Olavarr\u00eda (@cdnolavarria)<\/a><\/p>\n<\/div>\n<\/blockquote>\n<p><script async src=\"\/\/www.instagram.com\/embed.js\"><\/script><\/p>\n<p>&nbsp;<\/p>\n<blockquote><p>\u201cHay mucha expectativa y una alegr\u00eda inmensa porque son muchos a\u00f1os. Sobre todo en lo que es el trabajo de las docentes. Cada una de las mudanzas, el adaptar los espacios. Hemos llegado a trabajar con paredes que chorreaban agua. Que se filtraba. Con riesgos de electrocuci\u00f3n\u201d y se\u00f1alaron que ver el avance \u201ces una alegr\u00eda inmensa\u201d.<\/p><\/blockquote>\n<p>&nbsp;<\/p>\n<p><img data-recalc-dims=\"1\" loading=\"lazy\" decoding=\"async\" class=\"alignnone size-large wp-image-85543\" src=\"https:\/\/i0.wp.com\/cdnoticias.com\/wp-content\/uploads\/2023\/05\/julio-ferraro-jardin929.jpg?resize=800%2C480&#038;ssl=1\" alt=\"\" width=\"800\" height=\"480\" srcset=\"https:\/\/i0.wp.com\/cdnoticias.com\/wp-content\/uploads\/2023\/05\/julio-ferraro-jardin929-scaled.jpg?resize=1024%2C614&amp;ssl=1 1024w, https:\/\/i0.wp.com\/cdnoticias.com\/wp-content\/uploads\/2023\/05\/julio-ferraro-jardin929-scaled.jpg?resize=300%2C180&amp;ssl=1 300w, https:\/\/i0.wp.com\/cdnoticias.com\/wp-content\/uploads\/2023\/05\/julio-ferraro-jardin929-scaled.jpg?resize=768%2C461&amp;ssl=1 768w, https:\/\/i0.wp.com\/cdnoticias.com\/wp-content\/uploads\/2023\/05\/julio-ferraro-jardin929-scaled.jpg?resize=1536%2C921&amp;ssl=1 1536w, https:\/\/i0.wp.com\/cdnoticias.com\/wp-content\/uploads\/2023\/05\/julio-ferraro-jardin929-scaled.jpg?resize=2048%2C1228&amp;ssl=1 2048w, https:\/\/i0.wp.com\/cdnoticias.com\/wp-content\/uploads\/2023\/05\/julio-ferraro-jardin929-scaled.jpg?w=1600&amp;ssl=1 1600w, https:\/\/i0.wp.com\/cdnoticias.com\/wp-content\/uploads\/2023\/05\/julio-ferraro-jardin929-scaled.jpg?w=2400&amp;ssl=1 2400w\" sizes=\"auto, (max-width: 800px) 100vw, 800px\" \/><\/p>\n<p>&nbsp;<\/p>\n<p>Finalmente, <strong>Galli confirm\u00f3 que se prev\u00e9 la compra de mobiliario con el Fondo Educativo, y el consejero escolar Bruno Di Carlo formar\u00e1 parte de las gestiones.<\/strong> Adem\u00e1s, otra de las novedades es que <strong><em>\u201cme dec\u00edan que la cooperadora iba a comprar aires acondicionados pero estar\u00e1n incluidos en la obra por lo que decidieron avanzar en la compra de televisores y sumar al espacio y la instituci\u00f3n\u201d.<\/em><\/strong><\/p>\n","protected":false},"excerpt":{"rendered":"<p>El Intendente Galli recorri\u00f3 junto a funcionarios y autoridades de la instituci\u00f3n la obra que est\u00e1 en un importante grado<\/p>\n","protected":false},"author":2,"featured_media":85541,"comment_status":"closed","ping_status":"closed","sticky":false,"template":"","format":"standard","meta":{"_jetpack_memberships_contains_paid_content":false,"footnotes":""},"categories":[5,1],"tags":[],"class_list":["post-85532","post","type-post","status-publish","format-standard","has-post-thumbnail","hentry","category-informacion-general","category-portada"],"jetpack_featured_media_url":"https:\/\/i0.wp.com\/cdnoticias.com\/wp-content\/uploads\/2023\/05\/jardin-9297-scaled.jpg?fit=2560%2C1536&ssl=1","jetpack_sharing_enabled":true,"_links":{"self":[{"href":"https:\/\/cdnoticias.com\/index.php\/wp-json\/wp\/v2\/posts\/85532","targetHints":{"allow":["GET"]}}],"collection":[{"href":"https:\/\/cdnoticias.com\/index.php\/wp-json\/wp\/v2\/posts"}],"about":[{"href":"https:\/\/cdnoticias.com\/index.php\/wp-json\/wp\/v2\/types\/post"}],"author":[{"embeddable":true,"href":"https:\/\/cdnoticias.com\/index.php\/wp-json\/wp\/v2\/users\/2"}],"replies":[{"embeddable":true,"href":"https:\/\/cdnoticias.com\/index.php\/wp-json\/wp\/v2\/comments?post=85532"}],"version-history":[{"count":0,"href":"https:\/\/cdnoticias.com\/index.php\/wp-json\/wp\/v2\/posts\/85532\/revisions"}],"wp:featuredmedia":[{"embeddable":true,"href":"https:\/\/cdnoticias.com\/index.php\/wp-json\/wp\/v2\/media\/85541"}],"wp:attachment":[{"href":"https:\/\/cdnoticias.com\/index.php\/wp-json\/wp\/v2\/media?parent=85532"}],"wp:term":[{"taxonomy":"category","embeddable":true,"href":"https:\/\/cdnoticias.com\/index.php\/wp-json\/wp\/v2\/categories?post=85532"},{"taxonomy":"post_tag","embeddable":true,"href":"https:\/\/cdnoticias.com\/index.php\/wp-json\/wp\/v2\/tags?post=85532"}],"curies":[{"name":"wp","href":"https:\/\/api.w.org\/{rel}","templated":true}]}}