{"id":85498,"date":"2023-05-18T20:50:05","date_gmt":"2023-05-18T23:50:05","guid":{"rendered":"https:\/\/www.centraldenoticias.com.ar\/?p=85498"},"modified":"2023-05-18T20:50:05","modified_gmt":"2023-05-18T23:50:05","slug":"mario-busto-se-reunio-con-los-concejales-de-la-comision-de-seguridad","status":"publish","type":"post","link":"https:\/\/cdnoticias.com\/index.php\/2023\/05\/18\/mario-busto-se-reunio-con-los-concejales-de-la-comision-de-seguridad\/","title":{"rendered":"Mario Busto se reuni\u00f3 con los concejales de la comisi\u00f3n de Seguridad"},"content":{"rendered":"<p>Se trat\u00f3 un proyecto de ordenanza vinculado a incorporar c\u00e1maras privadas al sistema de Monitoreo. Tras algunos contrapuntos, se\u00f1alaron la \u201cinviabilidad\u201d de la propuesta. <!--more--><\/p>\n<hr \/>\n<p>Este jueves por la ma\u00f1ana, <strong>el subsecretario de Seguridad Mario Busto acudi\u00f3 al HCD para dialogar con los integrantes de la comisi\u00f3n de Seguridad del cuerpo deliberativo y charlar sobre varios temas, entre ellos una ordenanza vinculada a incorporar c\u00e1maras privadas al Centro de Monitoreo.<\/strong><\/p>\n<p>&nbsp;<\/p>\n<blockquote><p>Seg\u00fan logr\u00f3 saber Central de Noticias, Busto inform\u00f3 que hay m\u00e1s de 6 mil c\u00e1maras de seguridad privada en todo el Partido por fuera del sistema p\u00fablico.<\/p><\/blockquote>\n<p>&nbsp;<\/p>\n<p>El proyecto, presentado por la UCR, busca<em> \u201cpromover la integraci\u00f3n de las c\u00e1maras privadas al sistema de Monitoreo Municipal con el objetivo de reforzar la prevenci\u00f3n del delito\u201d.<\/em><\/p>\n<p>&nbsp;<\/p>\n<p>Busto quien atendi\u00f3 consultas de los concejales respecto al proyecto y <strong>brind\u00f3 distintas opiniones respecto a las cuestiones t\u00e9cnicas para llevar adelante el proyecto.<\/strong><\/p>\n<p>&nbsp;<\/p>\n<p><strong>Indic\u00f3 que el proyecto era muy complejo de implementar tanto en lo t\u00e9cnico como en lo econ\u00f3mico, por lo que se puso en com\u00fan que ser\u00eda \u201cinviable\u201d llevar adelante la propuesta.<\/strong><\/p>\n<p>&nbsp;<\/p>\n<p>De todas maneras, <strong>se resolvi\u00f3 de manera un\u00e1nime despachar el proyecto a la comisi\u00f3n de Hacienda que deber\u00e1 continuar con el tr\u00e1mite parlamentario.<\/strong><\/p>\n","protected":false},"excerpt":{"rendered":"<p>Se trat\u00f3 un proyecto de ordenanza vinculado a incorporar c\u00e1maras privadas al sistema de Monitoreo. Tras algunos contrapuntos, se\u00f1alaron la<\/p>\n","protected":false},"author":2,"featured_media":85499,"comment_status":"closed","ping_status":"closed","sticky":false,"template":"","format":"standard","meta":{"_jetpack_memberships_contains_paid_content":false,"footnotes":""},"categories":[4,1],"tags":[],"class_list":["post-85498","post","type-post","status-publish","format-standard","has-post-thumbnail","hentry","category-politica","category-portada"],"jetpack_featured_media_url":"https:\/\/i0.wp.com\/cdnoticias.com\/wp-content\/uploads\/2023\/05\/Seguridad.jpg?fit=1769%2C1029&ssl=1","jetpack_sharing_enabled":true,"_links":{"self":[{"href":"https:\/\/cdnoticias.com\/index.php\/wp-json\/wp\/v2\/posts\/85498","targetHints":{"allow":["GET"]}}],"collection":[{"href":"https:\/\/cdnoticias.com\/index.php\/wp-json\/wp\/v2\/posts"}],"about":[{"href":"https:\/\/cdnoticias.com\/index.php\/wp-json\/wp\/v2\/types\/post"}],"author":[{"embeddable":true,"href":"https:\/\/cdnoticias.com\/index.php\/wp-json\/wp\/v2\/users\/2"}],"replies":[{"embeddable":true,"href":"https:\/\/cdnoticias.com\/index.php\/wp-json\/wp\/v2\/comments?post=85498"}],"version-history":[{"count":0,"href":"https:\/\/cdnoticias.com\/index.php\/wp-json\/wp\/v2\/posts\/85498\/revisions"}],"wp:featuredmedia":[{"embeddable":true,"href":"https:\/\/cdnoticias.com\/index.php\/wp-json\/wp\/v2\/media\/85499"}],"wp:attachment":[{"href":"https:\/\/cdnoticias.com\/index.php\/wp-json\/wp\/v2\/media?parent=85498"}],"wp:term":[{"taxonomy":"category","embeddable":true,"href":"https:\/\/cdnoticias.com\/index.php\/wp-json\/wp\/v2\/categories?post=85498"},{"taxonomy":"post_tag","embeddable":true,"href":"https:\/\/cdnoticias.com\/index.php\/wp-json\/wp\/v2\/tags?post=85498"}],"curies":[{"name":"wp","href":"https:\/\/api.w.org\/{rel}","templated":true}]}}