{"id":85471,"date":"2023-05-18T18:37:23","date_gmt":"2023-05-18T21:37:23","guid":{"rendered":"https:\/\/www.centraldenoticias.com.ar\/?p=85471"},"modified":"2023-05-18T18:37:28","modified_gmt":"2023-05-18T21:37:28","slug":"un-camion-fue-multado-por-circular-en-caminos-de-tierras-post-lluvia","status":"publish","type":"post","link":"https:\/\/cdnoticias.com\/index.php\/2023\/05\/18\/un-camion-fue-multado-por-circular-en-caminos-de-tierras-post-lluvia\/","title":{"rendered":"Un cami\u00f3n fue multado por circular en caminos de tierra post lluvia"},"content":{"rendered":"<p>Fue este jueves en avenida Avellaneda prolongaci\u00f3n noroeste. Seg\u00fan se expres\u00f3, \u201cocasion\u00f3 deterioros\u201d en el camino. <!--more--><\/p>\n<hr \/>\n<p>Este jueves, <strong>personal de Polic\u00eda Adicional Municipal infraccion\u00f3 a un cami\u00f3n que circulaba por un camino de tierra tras haber llovido<\/strong>, algo que est\u00e1 prohibido por ordenanza.<\/p>\n<p>&nbsp;<\/p>\n<p><img data-recalc-dims=\"1\" loading=\"lazy\" decoding=\"async\" class=\"alignnone size-large wp-image-85476\" src=\"https:\/\/i0.wp.com\/cdnoticias.com\/wp-content\/uploads\/2023\/05\/transpor-tierra.jpg?resize=800%2C416&#038;ssl=1\" alt=\"\" width=\"800\" height=\"416\" srcset=\"https:\/\/i0.wp.com\/cdnoticias.com\/wp-content\/uploads\/2023\/05\/transpor-tierra.jpg?resize=1024%2C532&amp;ssl=1 1024w, https:\/\/i0.wp.com\/cdnoticias.com\/wp-content\/uploads\/2023\/05\/transpor-tierra.jpg?resize=300%2C156&amp;ssl=1 300w, https:\/\/i0.wp.com\/cdnoticias.com\/wp-content\/uploads\/2023\/05\/transpor-tierra.jpg?resize=768%2C399&amp;ssl=1 768w, https:\/\/i0.wp.com\/cdnoticias.com\/wp-content\/uploads\/2023\/05\/transpor-tierra.jpg?resize=1536%2C798&amp;ssl=1 1536w, https:\/\/i0.wp.com\/cdnoticias.com\/wp-content\/uploads\/2023\/05\/transpor-tierra.jpg?w=1600&amp;ssl=1 1600w\" sizes=\"auto, (max-width: 800px) 100vw, 800px\" \/><\/p>\n<p>&nbsp;<\/p>\n<blockquote><p>Seg\u00fan se constat\u00f3, el cami\u00f3n circulaba por Avellaneda Prolongaci\u00f3n Noroeste, y se pudo constatar que ocasion\u00f3 da\u00f1os en el camino.<\/p><\/blockquote>\n<p>&nbsp;<\/p>\n<p>Es por ello que <strong>se le labr\u00f3 la infracci\u00f3n correspondiente, y todo fue remitido al doctor Luciano Blanco, juez de Faltas local.<\/strong><\/p>\n","protected":false},"excerpt":{"rendered":"<p>Fue este jueves en avenida Avellaneda prolongaci\u00f3n noroeste. Seg\u00fan se expres\u00f3, \u201cocasion\u00f3 deterioros\u201d en el camino.<\/p>\n","protected":false},"author":2,"featured_media":85474,"comment_status":"closed","ping_status":"closed","sticky":false,"template":"","format":"standard","meta":{"_jetpack_memberships_contains_paid_content":false,"footnotes":""},"categories":[14,1],"tags":[],"class_list":["post-85471","post","type-post","status-publish","format-standard","has-post-thumbnail","hentry","category-policiales","category-portada"],"jetpack_featured_media_url":"https:\/\/i0.wp.com\/cdnoticias.com\/wp-content\/uploads\/2023\/05\/transpor-tierra2.jpg?fit=1465%2C810&ssl=1","jetpack_sharing_enabled":true,"_links":{"self":[{"href":"https:\/\/cdnoticias.com\/index.php\/wp-json\/wp\/v2\/posts\/85471","targetHints":{"allow":["GET"]}}],"collection":[{"href":"https:\/\/cdnoticias.com\/index.php\/wp-json\/wp\/v2\/posts"}],"about":[{"href":"https:\/\/cdnoticias.com\/index.php\/wp-json\/wp\/v2\/types\/post"}],"author":[{"embeddable":true,"href":"https:\/\/cdnoticias.com\/index.php\/wp-json\/wp\/v2\/users\/2"}],"replies":[{"embeddable":true,"href":"https:\/\/cdnoticias.com\/index.php\/wp-json\/wp\/v2\/comments?post=85471"}],"version-history":[{"count":0,"href":"https:\/\/cdnoticias.com\/index.php\/wp-json\/wp\/v2\/posts\/85471\/revisions"}],"wp:featuredmedia":[{"embeddable":true,"href":"https:\/\/cdnoticias.com\/index.php\/wp-json\/wp\/v2\/media\/85474"}],"wp:attachment":[{"href":"https:\/\/cdnoticias.com\/index.php\/wp-json\/wp\/v2\/media?parent=85471"}],"wp:term":[{"taxonomy":"category","embeddable":true,"href":"https:\/\/cdnoticias.com\/index.php\/wp-json\/wp\/v2\/categories?post=85471"},{"taxonomy":"post_tag","embeddable":true,"href":"https:\/\/cdnoticias.com\/index.php\/wp-json\/wp\/v2\/tags?post=85471"}],"curies":[{"name":"wp","href":"https:\/\/api.w.org\/{rel}","templated":true}]}}