{"id":8546,"date":"2020-12-09T16:57:33","date_gmt":"2020-12-09T19:57:33","guid":{"rendered":"http:\/\/www.centraldenoticias.com.ar\/?p=8546"},"modified":"2020-12-09T17:19:52","modified_gmt":"2020-12-09T20:19:52","slug":"violento-accidente-una-persona-fue-trasladada-al-hospital","status":"publish","type":"post","link":"https:\/\/cdnoticias.com\/index.php\/2020\/12\/09\/violento-accidente-una-persona-fue-trasladada-al-hospital\/","title":{"rendered":"Violento accidente: una persona fue trasladada al Hospital"},"content":{"rendered":"<p>&nbsp;<\/p>\n<p>Ocurri\u00f3 durante la tarde de este mi\u00e9rcoles en avenida Col\u00f3n y Lavalle. Chocaron dos autos y el conductor de uno de ellos debi\u00f3 ser trasladado al Hospital Municipal \u201cDr. H\u00e9ctor Cura\u201d.<!--more--><\/p>\n<hr \/>\n<p>Este mi\u00e9rcoles por la tarde se produjo un violento accidente entre dos veh\u00edculos. Ocurri\u00f3 en <strong>avenida Col\u00f3n a la altura del cruce con Lavalle.<\/strong><\/p>\n<p>&nbsp;<\/p>\n<p><img data-recalc-dims=\"1\" loading=\"lazy\" decoding=\"async\" class=\"alignnone size-large wp-image-8550\" src=\"https:\/\/i0.wp.com\/cdnoticias.com\/wp-content\/uploads\/2020\/12\/accidente-colon-lavalle02.jpg?resize=800%2C600&#038;ssl=1\" alt=\"\" width=\"800\" height=\"600\" srcset=\"https:\/\/i0.wp.com\/cdnoticias.com\/wp-content\/uploads\/2020\/12\/accidente-colon-lavalle02.jpg?resize=1024%2C768&amp;ssl=1 1024w, https:\/\/i0.wp.com\/cdnoticias.com\/wp-content\/uploads\/2020\/12\/accidente-colon-lavalle02.jpg?resize=300%2C225&amp;ssl=1 300w, https:\/\/i0.wp.com\/cdnoticias.com\/wp-content\/uploads\/2020\/12\/accidente-colon-lavalle02.jpg?resize=768%2C576&amp;ssl=1 768w, https:\/\/i0.wp.com\/cdnoticias.com\/wp-content\/uploads\/2020\/12\/accidente-colon-lavalle02.jpg?w=1040&amp;ssl=1 1040w\" sizes=\"auto, (max-width: 800px) 100vw, 800px\" \/><\/p>\n<p>&nbsp;<\/p>\n<p><img data-recalc-dims=\"1\" loading=\"lazy\" decoding=\"async\" class=\"alignnone size-large wp-image-8554\" src=\"https:\/\/i0.wp.com\/cdnoticias.com\/wp-content\/uploads\/2020\/12\/accidente-colon-lavalle04.jpg?resize=800%2C600&#038;ssl=1\" alt=\"\" width=\"800\" height=\"600\" srcset=\"https:\/\/i0.wp.com\/cdnoticias.com\/wp-content\/uploads\/2020\/12\/accidente-colon-lavalle04.jpg?resize=1024%2C768&amp;ssl=1 1024w, https:\/\/i0.wp.com\/cdnoticias.com\/wp-content\/uploads\/2020\/12\/accidente-colon-lavalle04.jpg?resize=300%2C225&amp;ssl=1 300w, https:\/\/i0.wp.com\/cdnoticias.com\/wp-content\/uploads\/2020\/12\/accidente-colon-lavalle04.jpg?resize=768%2C576&amp;ssl=1 768w, https:\/\/i0.wp.com\/cdnoticias.com\/wp-content\/uploads\/2020\/12\/accidente-colon-lavalle04.jpg?w=1040&amp;ssl=1 1040w\" sizes=\"auto, (max-width: 800px) 100vw, 800px\" \/><\/p>\n<p>&nbsp;<\/p>\n<p>Por motivos que se trata de establecer,<strong> un Fiat 600 y una Volkswagen TCross chocaron y el conductor del Fiat 600 debi\u00f3 ser asistido por personal de salud y trasladado al Hospital Municipal<\/strong> para su atenci\u00f3n.<\/p>\n<p>&nbsp;<\/p>\n<p>Trabajaron efectivos policiales cumplimentando las tareas de rigor.<\/p>\n","protected":false},"excerpt":{"rendered":"<p>&nbsp; Ocurri\u00f3 durante la tarde de este mi\u00e9rcoles en avenida Col\u00f3n y Lavalle. Chocaron dos autos y el conductor de<\/p>\n","protected":false},"author":5,"featured_media":8547,"comment_status":"closed","ping_status":"closed","sticky":false,"template":"","format":"standard","meta":{"_jetpack_memberships_contains_paid_content":false,"footnotes":""},"categories":[14,1],"tags":[],"class_list":["post-8546","post","type-post","status-publish","format-standard","has-post-thumbnail","hentry","category-policiales","category-portada"],"jetpack_featured_media_url":"https:\/\/i0.wp.com\/cdnoticias.com\/wp-content\/uploads\/2020\/12\/accidente-colon-lavalle01.jpg?fit=1040%2C780&ssl=1","jetpack_sharing_enabled":true,"_links":{"self":[{"href":"https:\/\/cdnoticias.com\/index.php\/wp-json\/wp\/v2\/posts\/8546","targetHints":{"allow":["GET"]}}],"collection":[{"href":"https:\/\/cdnoticias.com\/index.php\/wp-json\/wp\/v2\/posts"}],"about":[{"href":"https:\/\/cdnoticias.com\/index.php\/wp-json\/wp\/v2\/types\/post"}],"author":[{"embeddable":true,"href":"https:\/\/cdnoticias.com\/index.php\/wp-json\/wp\/v2\/users\/5"}],"replies":[{"embeddable":true,"href":"https:\/\/cdnoticias.com\/index.php\/wp-json\/wp\/v2\/comments?post=8546"}],"version-history":[{"count":0,"href":"https:\/\/cdnoticias.com\/index.php\/wp-json\/wp\/v2\/posts\/8546\/revisions"}],"wp:featuredmedia":[{"embeddable":true,"href":"https:\/\/cdnoticias.com\/index.php\/wp-json\/wp\/v2\/media\/8547"}],"wp:attachment":[{"href":"https:\/\/cdnoticias.com\/index.php\/wp-json\/wp\/v2\/media?parent=8546"}],"wp:term":[{"taxonomy":"category","embeddable":true,"href":"https:\/\/cdnoticias.com\/index.php\/wp-json\/wp\/v2\/categories?post=8546"},{"taxonomy":"post_tag","embeddable":true,"href":"https:\/\/cdnoticias.com\/index.php\/wp-json\/wp\/v2\/tags?post=8546"}],"curies":[{"name":"wp","href":"https:\/\/api.w.org\/{rel}","templated":true}]}}